{"id":13871,"date":"2026-04-29T21:54:53","date_gmt":"2026-04-30T02:54:53","guid":{"rendered":"https:\/\/www.elcapital.pe\/?p=13871"},"modified":"2026-04-29T21:54:53","modified_gmt":"2026-04-30T02:54:53","slug":"senado-de-brasil-rechaza-candidato-de-lula-al-supremo-en-votacion-historica","status":"publish","type":"post","link":"https:\/\/www.elcapital.pe\/?p=13871","title":{"rendered":"SENADO DE BRASIL RECHAZA CANDIDATO DE LULA AL SUPREMO EN VOTACION HISTORICA\u00a0\u00a0"},"content":{"rendered":"\n<p>El Senado de Brasil rechaz\u00f3 este mi\u00e9rcoles (29.04.2026) la nominaci\u00f3n de Jorge Messias como magistrado del Supremo Tribunal Federal (STF), en una decisi\u00f3n que supone un duro rev\u00e9s pol\u00edtico para el presidente Luiz In\u00e1cio Lula da Silva a pocos meses de las elecciones presidenciales.<\/p>\n\n\n\n<p>La votaci\u00f3n, realizada de forma secreta, concluy\u00f3 con 42 votos en contra y 34 a favor, en medio de una fuerte disputa entre el oficialismo y la mayor\u00eda conservadora en la c\u00e1mara alta. Seg\u00fan medios locales, se trata del primer rechazo a un candidato al STF en m\u00e1s de un siglo, lo que subraya la magnitud del episodio en la pol\u00edtica brasile\u00f1a.<\/p>\n\n\n\n<p>Un pulso pol\u00edtico en el Senado<\/p>\n\n\n\n<p>La postulaci\u00f3n de Messias, abogado de 46 a\u00f1os y cercano colaborador de Lula, se convirti\u00f3 en un term\u00f3metro de la correlaci\u00f3n de fuerzas en el Senado. Durante el proceso, el candidato intent\u00f3 acercarse a sectores conservadores present\u00e1ndose como un evang\u00e9lico moderado, en un pa\u00eds donde este grupo tiene creciente influencia pol\u00edtica.<\/p>\n\n\n\n<p>Sin embargo, su nominaci\u00f3n termin\u00f3 envuelta en una disputa m\u00e1s amplia sobre el rol del Supremo y las decisiones recientes del tribunal, especialmente tras la condena al expresidente Jair Bolsonaro por su implicaci\u00f3n en un intento de ruptura del orden democr\u00e1tico.<\/p>\n\n\n\n<p>Cr\u00edticas al STF y polarizaci\u00f3n pol\u00edtica<\/p>\n\n\n\n<p>El debate en torno a la candidatura estuvo marcado por cuestionamientos desde la oposici\u00f3n. El senador Fl\u00e1vio Bolsonaro, hijo del exmandatario, critic\u00f3 duramente el proceso judicial contra su padre y sostuvo que se vulneraron garant\u00edas fundamentales.<\/p>\n\n\n\n<p>Por su parte, sectores aliados al gobierno buscaron desmarcar la votaci\u00f3n de una confrontaci\u00f3n directa con el Ejecutivo. \u201cNo se trata de derrotar al presidente Lula; quien quiera enfrentarlo podr\u00e1 hacerlo en las urnas\u201d, afirm\u00f3 el senador Weverton Rocha durante el debate previo.<\/p>\n\n\n\n<p>Escenario electoral y tensi\u00f3n institucional<\/p>\n\n\n\n<p>El trasfondo de la votaci\u00f3n refleja la creciente polarizaci\u00f3n pol\u00edtica en Brasil y anticipa un escenario electoral altamente competitivo. Lula eval\u00faa postular a un cuarto mandato en los comicios de octubre, mientras las encuestas apuntan a un empate t\u00e9cnico con figuras del bloque conservador, entre ellas Fl\u00e1vio Bolsonaro.<\/p>\n\n\n\n<p>La decisi\u00f3n del Senado no solo deja vacante un asiento clave en el STF, sino que tambi\u00e9n evidencia las dificultades del gobierno para consolidar mayor\u00edas en el Legislativo, en un momento crucial para la gobernabilidad y el equilibrio institucional del pa\u00eds.<\/p>\n","protected":false},"excerpt":{"rendered":"<p>El Senado de Brasil rechaz\u00f3 este mi\u00e9rcoles (29.04.2026) la nominaci\u00f3n de Jorge Messias como magistrado del Supremo Tribunal Federal (STF), en una decisi\u00f3n que supone un duro rev\u00e9s pol\u00edtico para el presidente Luiz In\u00e1cio Lula da Silva a pocos meses de las elecciones presidenciales. La votaci\u00f3n, realizada de forma secreta, concluy\u00f3 con 42 votos en [&hellip;]<\/p>\n","protected":false},"author":1,"featured_media":13872,"comment_status":"open","ping_status":"open","sticky":false,"template":"","format":"standard","meta":{"footnotes":""},"categories":[2],"tags":[],"class_list":["post-13871","post","type-post","status-publish","format-standard","has-post-thumbnail","hentry","category-actualidad"],"_links":{"self":[{"href":"https:\/\/www.elcapital.pe\/index.php?rest_route=\/wp\/v2\/posts\/13871","targetHints":{"allow":["GET"]}}],"collection":[{"href":"https:\/\/www.elcapital.pe\/index.php?rest_route=\/wp\/v2\/posts"}],"about":[{"href":"https:\/\/www.elcapital.pe\/index.php?rest_route=\/wp\/v2\/types\/post"}],"author":[{"embeddable":true,"href":"https:\/\/www.elcapital.pe\/index.php?rest_route=\/wp\/v2\/users\/1"}],"replies":[{"embeddable":true,"href":"https:\/\/www.elcapital.pe\/index.php?rest_route=%2Fwp%2Fv2%2Fcomments&post=13871"}],"version-history":[{"count":1,"href":"https:\/\/www.elcapital.pe\/index.php?rest_route=\/wp\/v2\/posts\/13871\/revisions"}],"predecessor-version":[{"id":13873,"href":"https:\/\/www.elcapital.pe\/index.php?rest_route=\/wp\/v2\/posts\/13871\/revisions\/13873"}],"wp:featuredmedia":[{"embeddable":true,"href":"https:\/\/www.elcapital.pe\/index.php?rest_route=\/wp\/v2\/media\/13872"}],"wp:attachment":[{"href":"https:\/\/www.elcapital.pe\/index.php?rest_route=%2Fwp%2Fv2%2Fmedia&parent=13871"}],"wp:term":[{"taxonomy":"category","embeddable":true,"href":"https:\/\/www.elcapital.pe\/index.php?rest_route=%2Fwp%2Fv2%2Fcategories&post=13871"},{"taxonomy":"post_tag","embeddable":true,"href":"https:\/\/www.elcapital.pe\/index.php?rest_route=%2Fwp%2Fv2%2Ftags&post=13871"}],"curies":[{"name":"wp","href":"https:\/\/api.w.org\/{rel}","templated":true}]}}