{"id":13869,"date":"2026-04-29T21:46:29","date_gmt":"2026-04-30T02:46:29","guid":{"rendered":"https:\/\/www.elcapital.pe\/?p=13869"},"modified":"2026-04-29T21:46:29","modified_gmt":"2026-04-30T02:46:29","slug":"trump-evalua-mantener-bloqueo-contra-iran-por-meses-y-reducir-presencia-militar-en-alemania","status":"publish","type":"post","link":"https:\/\/www.elcapital.pe\/?p=13869","title":{"rendered":"TRUMP EVALUA MANTENER BLOQUEO CONTRA IRAN POR MESES Y REDUCIR PRESENCIA MILITAR EN ALEMANIA\u00a0"},"content":{"rendered":"\n<p>El presidente de Estados Unidos, Donald Trump, analiza sostener durante varios meses el bloqueo naval contra Ir\u00e1n, en un contexto de creciente tensi\u00f3n geopol\u00edtica y volatilidad en los mercados energ\u00e9ticos. La medida fue discutida en una reuni\u00f3n con ejecutivos del sector petrolero en la Casa Blanca, seg\u00fan fuentes oficiales citadas por medios internacionales.<\/p>\n\n\n\n<p>De acuerdo con un funcionario estadounidense, el mandatario abord\u00f3 acciones destinadas a mitigar el impacto del conflicto en los precios globales del petr\u00f3leo, as\u00ed como la posibilidad de prolongar el bloqueo mar\u00edtimo si la situaci\u00f3n lo requiere. El objetivo, se\u00f1alaron, es contener efectos adversos en la econom\u00eda estadounidense y en el suministro energ\u00e9tico internacional.<\/p>\n\n\n\n<p>Posible reducci\u00f3n de tropas en Alemania<\/p>\n\n\n\n<p>En paralelo, Trump anunci\u00f3 que su administraci\u00f3n eval\u00faa reducir el n\u00famero de tropas desplegadas en Alemania, en medio de fricciones con el gobierno del canciller Friedrich Merz por la estrategia frente al conflicto en Oriente Medio.<\/p>\n\n\n\n<p>\u201cEstados Unidos est\u00e1 revisando la posible reducci\u00f3n de tropas en Alemania, con la determinaci\u00f3n de ejecutarla en el menor tiempo posible\u201d, escribi\u00f3 el mandatario en su red social Truth Social.<\/p>\n\n\n\n<p>Seg\u00fan datos del Servicio de Investigaci\u00f3n del Congreso, en 2024 hab\u00eda m\u00e1s de 35.000 soldados estadounidenses en territorio alem\u00e1n, aunque estimaciones recientes sit\u00faan la cifra cerca de los 50.000. La eventual reducci\u00f3n retomar\u00eda una l\u00ednea de pol\u00edtica ya planteada por Trump durante su primer mandato (2017-2021), cuando cuestion\u00f3 el nivel de compromiso de los aliados europeos dentro de la OTAN.<\/p>\n\n\n\n<p>Impacto en suministros m\u00e9dicos<\/p>\n\n\n\n<p>La Organizaci\u00f3n Mundial de la Salud (OMS) advirti\u00f3 que el conflicto en Oriente Medio ya est\u00e1 afectando el acceso a insumos sanitarios esenciales a nivel global. Entre los productos impactados figuran guantes quir\u00fargicos y mascarillas, cuya fabricaci\u00f3n depende de derivados petroqu\u00edmicos, encarecidos por las restricciones en rutas clave como el estrecho de Ormuz.<\/p>\n\n\n\n<p>\u201cEl impacto se percibe en m\u00faltiples sectores, no solo por la escasez de materias primas, sino tambi\u00e9n por las dificultades en el transporte\u201d, se\u00f1al\u00f3 el director general adjunto para Operaciones de la OMS, Raul Thomas. El organismo indic\u00f3 que eval\u00faa diversificar proveedores para evitar interrupciones similares a las registradas durante la pandemia.<\/p>\n\n\n\n<p>Crisis econ\u00f3mica en Ir\u00e1n<\/p>\n\n\n\n<p>En este contexto, la econom\u00eda iran\u00ed enfrenta un deterioro acelerado. El rial alcanz\u00f3 un nuevo m\u00ednimo hist\u00f3rico frente al d\u00f3lar, cotizando alrededor de 1.800.000 unidades por divisa estadounidense en el mercado libre, seg\u00fan reportes de casas de cambio.<\/p>\n\n\n\n<p>La depreciaci\u00f3n se produce en medio de una inflaci\u00f3n que ronda el 71 % a nivel general y supera el 100 % en el sector alimentario, lo que agrava la p\u00e9rdida de poder adquisitivo de la poblaci\u00f3n. Analistas advierten que la ca\u00edda de la moneda podr\u00eda intensificar a\u00fan m\u00e1s las presiones inflacionarias en los pr\u00f3ximos meses.<\/p>\n\n\n\n<p>El escenario combina tensiones militares, presi\u00f3n econ\u00f3mica y efectos colaterales globales, configurando un panorama incierto tanto para Oriente Medio como para los mercados internacionales.<\/p>\n","protected":false},"excerpt":{"rendered":"<p>El presidente de Estados Unidos, Donald Trump, analiza sostener durante varios meses el bloqueo naval contra Ir\u00e1n, en un contexto de creciente tensi\u00f3n geopol\u00edtica y volatilidad en los mercados energ\u00e9ticos. La medida fue discutida en una reuni\u00f3n con ejecutivos del sector petrolero en la Casa Blanca, seg\u00fan fuentes oficiales citadas por medios internacionales. De acuerdo [&hellip;]<\/p>\n","protected":false},"author":1,"featured_media":13618,"comment_status":"open","ping_status":"open","sticky":false,"template":"","format":"standard","meta":{"footnotes":""},"categories":[2],"tags":[],"class_list":["post-13869","post","type-post","status-publish","format-standard","has-post-thumbnail","hentry","category-actualidad"],"_links":{"self":[{"href":"https:\/\/www.elcapital.pe\/index.php?rest_route=\/wp\/v2\/posts\/13869","targetHints":{"allow":["GET"]}}],"collection":[{"href":"https:\/\/www.elcapital.pe\/index.php?rest_route=\/wp\/v2\/posts"}],"about":[{"href":"https:\/\/www.elcapital.pe\/index.php?rest_route=\/wp\/v2\/types\/post"}],"author":[{"embeddable":true,"href":"https:\/\/www.elcapital.pe\/index.php?rest_route=\/wp\/v2\/users\/1"}],"replies":[{"embeddable":true,"href":"https:\/\/www.elcapital.pe\/index.php?rest_route=%2Fwp%2Fv2%2Fcomments&post=13869"}],"version-history":[{"count":1,"href":"https:\/\/www.elcapital.pe\/index.php?rest_route=\/wp\/v2\/posts\/13869\/revisions"}],"predecessor-version":[{"id":13870,"href":"https:\/\/www.elcapital.pe\/index.php?rest_route=\/wp\/v2\/posts\/13869\/revisions\/13870"}],"wp:featuredmedia":[{"embeddable":true,"href":"https:\/\/www.elcapital.pe\/index.php?rest_route=\/wp\/v2\/media\/13618"}],"wp:attachment":[{"href":"https:\/\/www.elcapital.pe\/index.php?rest_route=%2Fwp%2Fv2%2Fmedia&parent=13869"}],"wp:term":[{"taxonomy":"category","embeddable":true,"href":"https:\/\/www.elcapital.pe\/index.php?rest_route=%2Fwp%2Fv2%2Fcategories&post=13869"},{"taxonomy":"post_tag","embeddable":true,"href":"https:\/\/www.elcapital.pe\/index.php?rest_route=%2Fwp%2Fv2%2Ftags&post=13869"}],"curies":[{"name":"wp","href":"https:\/\/api.w.org\/{rel}","templated":true}]}}