{"id":13858,"date":"2026-04-29T20:43:49","date_gmt":"2026-04-30T01:43:49","guid":{"rendered":"https:\/\/www.elcapital.pe\/?p=13858"},"modified":"2026-04-29T22:32:41","modified_gmt":"2026-04-30T03:32:41","slug":"lanzan-expotextilperu-2026-feria-que-impulsa-la-competitividad-y-la-innovacion","status":"publish","type":"post","link":"https:\/\/www.elcapital.pe\/?p=13858","title":{"rendered":"LANZAN EXPOTEXTIL PERU 2026: FERIA QUE IMPULSA LA COMPETITIVIDAD Y LA INNOVACION"},"content":{"rendered":"\n<p>Se realizar\u00e1 del 5 al 8 de noviembre en el Centro de Exposiciones del Jockey Club<\/p>\n\n\n\n<p>Este contenido puede reproducirse citando a la Agencia Andina \u00a9\ufe0f Editora Per\u00fa<\/p>\n\n\n\n<p>Con la participaci\u00f3n de representantes del sector textil-confecciones, gremios empresariales, expertos en estrategias comerciales y feriales se present\u00f3 oficialmente la 19 edici\u00f3n de la Feria Expotextil Per\u00fa 2026, el encuentro internacional anual de la industria textil y confecciones que se realizar\u00e1 del 5 al 8 de noviembre del 2026 en el Centro de Exposiciones Jockey.<\/p>\n\n\n\n<p>\u201cEl Per\u00fa ingresa a esta edici\u00f3n con un sector en plena recuperaci\u00f3n, con crecimientos superiores al 16% en textiles y 17% en confecciones durante el a\u00f1o 2025. Este escenario nos coloca en una posici\u00f3n estrat\u00e9gica, pero el crecimiento solo ser\u00e1 sostenible si lo acompa\u00f1amos de unidad, articulaci\u00f3n y prop\u00f3sito compartido\u201d, afirm\u00f3 Luisa Mesones, directora general de Expotextil.<\/p>\n\n\n\n<p>Se\u00f1al\u00f3 que la feria no es solo un evento, sino una plataforma estrat\u00e9gica integral cuyo objetivo es el desarrollo de las empresas y la competitividad del sector textil-confecciones \u201cLa feria incluye tecnolog\u00eda, econom\u00eda circular, ruedas de negocios, pabellones tem\u00e1ticos, salones especializados, programas de capacitaci\u00f3n, eventos como la Semana de la Industria Textil y el Congreso de Circularidad, adem\u00e1s de comunidades textiles y moda con identidad\u201d, puntualiz\u00f3.&nbsp;<\/p>\n\n\n\n<p>Este contenido puede reproducirse citando a la Agencia Andina \u00a9\ufe0f Editora Per\u00fa<\/p>\n\n\n\n<p>En la edici\u00f3n del a\u00f1o pasado, Expotextil recibi\u00f3 m\u00e1s de 20 mil visitantes, cont\u00f3 con 230 empresas expositoras y gener\u00f3 m\u00e1s de US$ 100 millones en ventas proyectadas. Para este a\u00f1o, esperan 250 expositores, 21 mil visitantes, 35 conferencias y 6 eventos paralelos, indic\u00f3 Luisa Mesones.<\/p>\n\n\n\n<p>La representante de Expotextil hizo un llamado a las empresas para aprovechar la multiplataforma de la feria, que permite desde publicar art\u00edculos hasta registrarse digitalmente con anticipaci\u00f3n para facilitar el cruce de informaci\u00f3n y generar citas de negocios efectivas.<\/p>\n\n\n\n<p>La gran novedad: El Programa \u201cExpositor 360\u201d<\/p>\n\n\n\n<p>Durante el lanzamiento de la 19\u00aa Expotextil Per\u00fa 2026,&nbsp;y contando con la participaci\u00f3n de un panel de reconocidos expertos, se present\u00f3 el primer programa de capacitaci\u00f3n integral para expositores en ferias del pa\u00eds denominado \u201cExpositor 360\u201d dise\u00f1ado para elevar el est\u00e1ndar y profesionalizar la participaci\u00f3n empresarial en ferias.<\/p>\n\n\n\n<p>Oscar Malca, vicedecano de Negocios Internacionales de la Facultad de Ciencias Empresariales de la Universidad del Pac\u00edfico, subray\u00f3 que la feria debe ser vista como un espacio de inteligencia comercial y cuyo \u00e9xito no debe medirse solo en la venta sino en la capacidad para construir relaciones a mediano y largo plazo. Recomend\u00f3 enviar a la feria a personal con \u00abbaja distancia psicol\u00f3gica\u00bb, es decir, personas que conozcan las reglas de juego de otros mercados, dominen la industria y sepan manejar las diferencias socioculturales.<\/p>\n\n\n\n<p>Malca advirti\u00f3 que \u201crecolectar tarjetas de presentaci\u00f3n\u201d en las ferias ya no funciona. \u201cAhora se trata de levantar informaci\u00f3n, clasificar contactos, enviar cotizaciones y cerrar contratos\u201d, anot\u00f3.<\/p>\n\n\n\n<p>Manuel Centeno, gerente del Staff de Negocios y ex presidente de la Asociaci\u00f3n de Ferias del Per\u00fa (AFEP), explic\u00f3 que el \u00e9xito de una feria radica en tener objetivos muy claros. \u201cLa planificaci\u00f3n previa es fundamental, ya que la claridad de objetivos define la ubicaci\u00f3n del stand, el perfil del recurso humano y el uso de tecnolog\u00eda para captar y segmentar contactos\u201d, anot\u00f3.<\/p>\n\n\n\n<p>Centeno destac\u00f3 que las ferias B2B sirven para levantar informaci\u00f3n valiosa sobre origen de los visitantes, permanencia, intereses, aspectos que reemplazan a costosos estudios de mercado.<\/p>\n\n\n\n<p>Roger Evangelista, experto en rentabilidad de espacios comerciales y retail, sostuvo que el stand debe ser coherente con lo que se desea lograr: ventas, posicionamiento y networking.&nbsp; Propuso cambiar la mentalidad de \u00abpagar por metros cuadrados\u00bb a \u00abpagar por calidad de tr\u00e1fico\u00bb y sugiri\u00f3 segmentar al equipo que asiste al stand para optimizar la interacci\u00f3n con los visitantes y medir el retorno de inversi\u00f3n en funci\u00f3n a los contactos de valor efectivamente conseguidos.<\/p>\n\n\n\n<p>Por su parte, Luisa Mesones, se\u00f1al\u00f3 que busca implantar una cultura ferial como base de la profesionalizaci\u00f3n y destac\u00f3 que la feria debe ser un espacio de relacionamiento estrat\u00e9gico, m\u00e1s all\u00e1 de la sola exhibici\u00f3n de productos.&nbsp;<\/p>\n\n\n\n<p>El panel de expertos fue moderado por Marco Antonio Merino, gerente general de Angulo Consulting Group y conductor del programa \u00abEl Cliente\u00bb en Canal N.<\/p>\n\n\n\n<p>Este contenido puede reproducirse citando a la Agencia Andina \u00a9\ufe0f Editora Per\u00fa<\/p>\n\n\n\n<p>La 19\u00aa Expotextil Per\u00fa 2026 se proyecta como una feria m\u00e1s articulada y estrat\u00e9gica, respaldada por los gremios m\u00e1s importantes del pa\u00eds, instituciones p\u00fablicas, la academia y delegaciones internacionales. \u201cCon el lanzamiento de Expositor 360, la feria marca un hito en la profesionalizaci\u00f3n del trabajo ferial, ofreciendo a las empresas herramientas para competir en igualdad de condiciones y proyectarse hacia est\u00e1ndares globales\u201d, concluy\u00f3 Mesones.<\/p>\n\n\n\n<p>La Feria Expotextil Per\u00fa es organizada y producida por Plastic Concept y Concepto 360, con el respaldo institucional del Comit\u00e9 Textil de la Sociedad Nacional de Industrias -SNI, del Gremio Indumentaria de la C\u00e1mara de Comercio de Lima -CCL, del Comit\u00e9 de Confecciones y Comit\u00e9 Textil de Asociaci\u00f3n de Exportadores- Adex, de la Sociedad Peruana de Exportadores de Prendas de Vestir -Prevex y del Cluster de Moda Sostenible. Tambi\u00e9n cuenta con el respaldo del Ministerio de Relaciones Exteriores (Canciller\u00eda), Ministerio de Comercio Exterior y Turismo &#8211; Mincetur y el Ministerio de Desarrollo Agrario y Riego \u2013 Midagri.<\/p>\n","protected":false},"excerpt":{"rendered":"<p>Se realizar\u00e1 del 5 al 8 de noviembre en el Centro de Exposiciones del Jockey Club Este contenido puede reproducirse citando a la Agencia Andina \u00a9\ufe0f Editora Per\u00fa Con la participaci\u00f3n de representantes del sector textil-confecciones, gremios empresariales, expertos en estrategias comerciales y feriales se present\u00f3 oficialmente la 19 edici\u00f3n de la Feria Expotextil Per\u00fa [&hellip;]<\/p>\n","protected":false},"author":1,"featured_media":13859,"comment_status":"open","ping_status":"open","sticky":false,"template":"","format":"standard","meta":{"footnotes":""},"categories":[7],"tags":[],"class_list":["post-13858","post","type-post","status-publish","format-standard","has-post-thumbnail","hentry","category-ferias"],"_links":{"self":[{"href":"https:\/\/www.elcapital.pe\/index.php?rest_route=\/wp\/v2\/posts\/13858","targetHints":{"allow":["GET"]}}],"collection":[{"href":"https:\/\/www.elcapital.pe\/index.php?rest_route=\/wp\/v2\/posts"}],"about":[{"href":"https:\/\/www.elcapital.pe\/index.php?rest_route=\/wp\/v2\/types\/post"}],"author":[{"embeddable":true,"href":"https:\/\/www.elcapital.pe\/index.php?rest_route=\/wp\/v2\/users\/1"}],"replies":[{"embeddable":true,"href":"https:\/\/www.elcapital.pe\/index.php?rest_route=%2Fwp%2Fv2%2Fcomments&post=13858"}],"version-history":[{"count":2,"href":"https:\/\/www.elcapital.pe\/index.php?rest_route=\/wp\/v2\/posts\/13858\/revisions"}],"predecessor-version":[{"id":13880,"href":"https:\/\/www.elcapital.pe\/index.php?rest_route=\/wp\/v2\/posts\/13858\/revisions\/13880"}],"wp:featuredmedia":[{"embeddable":true,"href":"https:\/\/www.elcapital.pe\/index.php?rest_route=\/wp\/v2\/media\/13859"}],"wp:attachment":[{"href":"https:\/\/www.elcapital.pe\/index.php?rest_route=%2Fwp%2Fv2%2Fmedia&parent=13858"}],"wp:term":[{"taxonomy":"category","embeddable":true,"href":"https:\/\/www.elcapital.pe\/index.php?rest_route=%2Fwp%2Fv2%2Fcategories&post=13858"},{"taxonomy":"post_tag","embeddable":true,"href":"https:\/\/www.elcapital.pe\/index.php?rest_route=%2Fwp%2Fv2%2Ftags&post=13858"}],"curies":[{"name":"wp","href":"https:\/\/api.w.org\/{rel}","templated":true}]}}