{"id":13839,"date":"2026-04-28T22:32:11","date_gmt":"2026-04-29T03:32:11","guid":{"rendered":"https:\/\/www.elcapital.pe\/?p=13839"},"modified":"2026-04-28T22:32:11","modified_gmt":"2026-04-29T03:32:11","slug":"espana-impulsa-regularizacion-masiva-de-inmigrantes-y-abre-debate-en-europa","status":"publish","type":"post","link":"https:\/\/www.elcapital.pe\/?p=13839","title":{"rendered":"ESPA\u00d1A IMPULSA REGULARIZACION MASIVA DE INMIGRANTES Y ABRE DEBATE EN EUROPA\u00a0\u00a0"},"content":{"rendered":"\n<p>El Gobierno de Espa\u00f1a ha puesto en marcha un ambicioso plan de regularizaci\u00f3n de personas migrantes que, en apenas una semana, ha recibido m\u00e1s de 130.000 solicitudes. La iniciativa busca otorgar permisos temporales de residencia y trabajo por un a\u00f1o, en un intento por integrar a miles de extranjeros que actualmente se encuentran en situaci\u00f3n irregular, pero tambi\u00e9n ha encendido un intenso debate pol\u00edtico y social tanto a nivel nacional como en el resto de Europa.<\/p>\n\n\n\n<p>El programa, considerado uno de los m\u00e1s amplios en los \u00faltimos a\u00f1os dentro de la regi\u00f3n, pretende facilitar la inserci\u00f3n laboral y mejorar las condiciones de vida de los beneficiarios. Sin embargo, el proceso no est\u00e1 exento de dificultades: los solicitantes deben cumplir con exigentes requisitos documentarios, lo que representa un desaf\u00edo especialmente para quienes carecen de registros formales o han vivido durante a\u00f1os al margen del sistema administrativo.<\/p>\n\n\n\n<p>A nivel institucional, las autoridades enfrentan el reto de gestionar un volumen in\u00e9dito de expedientes en un corto plazo, lo que podr\u00eda generar retrasos y tensiones en los servicios p\u00fablicos encargados de evaluar cada caso. Asimismo, el impacto de la medida en el mercado laboral, los sistemas de bienestar y la percepci\u00f3n ciudadana sobre la migraci\u00f3n se ha convertido en un punto de discusi\u00f3n entre distintos sectores pol\u00edticos.<\/p>\n\n\n\n<p>Organismos internacionales como UNICEF han valorado positivamente la iniciativa, destacando que la regularizaci\u00f3n puede significar un cambio sustancial para miles de ni\u00f1os y ni\u00f1as migrantes. Al obtener un estatus legal, estos menores tendr\u00edan mayores posibilidades de acceder a servicios b\u00e1sicos como la educaci\u00f3n y la atenci\u00f3n sanitaria, reduciendo su vulnerabilidad y favoreciendo su integraci\u00f3n social.<\/p>\n\n\n\n<p>En el plano europeo, la decisi\u00f3n de Espa\u00f1a ha generado reacciones diversas. Mientras algunos pa\u00edses consideran que este tipo de pol\u00edticas puede servir como modelo para abordar la migraci\u00f3n irregular de manera m\u00e1s humanitaria, otros temen que act\u00fae como un \u201cefecto llamada\u201d, incentivando nuevos flujos migratorios hacia el continente.<\/p>\n\n\n\n<p>En este contexto, Mauricio Valiente, director de la Comisi\u00f3n Espa\u00f1ola de Ayuda al Refugiado, subraya que la regularizaci\u00f3n no solo responde a una cuesti\u00f3n humanitaria, sino tambi\u00e9n a una realidad econ\u00f3mica y social. \u201cSe trata de reconocer una situaci\u00f3n que ya existe y de ofrecer mecanismos legales que permitan la integraci\u00f3n, el acceso a derechos y la contribuci\u00f3n plena de estas personas a la sociedad\u201d, explic\u00f3.<\/p>\n\n\n\n<p>La medida, en definitiva, marca un punto de inflexi\u00f3n en la pol\u00edtica migratoria espa\u00f1ola y podr\u00eda influir en el rumbo del debate europeo sobre c\u00f3mo gestionar los flujos migratorios en los pr\u00f3ximos a\u00f1os, en un contexto marcado por crisis humanitarias, conflictos internacionales y desigualdades econ\u00f3micas persistentes.<\/p>\n","protected":false},"excerpt":{"rendered":"<p>El Gobierno de Espa\u00f1a ha puesto en marcha un ambicioso plan de regularizaci\u00f3n de personas migrantes que, en apenas una semana, ha recibido m\u00e1s de 130.000 solicitudes. La iniciativa busca otorgar permisos temporales de residencia y trabajo por un a\u00f1o, en un intento por integrar a miles de extranjeros que actualmente se encuentran en situaci\u00f3n [&hellip;]<\/p>\n","protected":false},"author":1,"featured_media":13840,"comment_status":"open","ping_status":"open","sticky":false,"template":"","format":"standard","meta":{"footnotes":""},"categories":[2],"tags":[],"class_list":["post-13839","post","type-post","status-publish","format-standard","has-post-thumbnail","hentry","category-actualidad"],"_links":{"self":[{"href":"https:\/\/www.elcapital.pe\/index.php?rest_route=\/wp\/v2\/posts\/13839","targetHints":{"allow":["GET"]}}],"collection":[{"href":"https:\/\/www.elcapital.pe\/index.php?rest_route=\/wp\/v2\/posts"}],"about":[{"href":"https:\/\/www.elcapital.pe\/index.php?rest_route=\/wp\/v2\/types\/post"}],"author":[{"embeddable":true,"href":"https:\/\/www.elcapital.pe\/index.php?rest_route=\/wp\/v2\/users\/1"}],"replies":[{"embeddable":true,"href":"https:\/\/www.elcapital.pe\/index.php?rest_route=%2Fwp%2Fv2%2Fcomments&post=13839"}],"version-history":[{"count":1,"href":"https:\/\/www.elcapital.pe\/index.php?rest_route=\/wp\/v2\/posts\/13839\/revisions"}],"predecessor-version":[{"id":13841,"href":"https:\/\/www.elcapital.pe\/index.php?rest_route=\/wp\/v2\/posts\/13839\/revisions\/13841"}],"wp:featuredmedia":[{"embeddable":true,"href":"https:\/\/www.elcapital.pe\/index.php?rest_route=\/wp\/v2\/media\/13840"}],"wp:attachment":[{"href":"https:\/\/www.elcapital.pe\/index.php?rest_route=%2Fwp%2Fv2%2Fmedia&parent=13839"}],"wp:term":[{"taxonomy":"category","embeddable":true,"href":"https:\/\/www.elcapital.pe\/index.php?rest_route=%2Fwp%2Fv2%2Fcategories&post=13839"},{"taxonomy":"post_tag","embeddable":true,"href":"https:\/\/www.elcapital.pe\/index.php?rest_route=%2Fwp%2Fv2%2Ftags&post=13839"}],"curies":[{"name":"wp","href":"https:\/\/api.w.org\/{rel}","templated":true}]}}