{"id":13748,"date":"2026-04-23T22:09:51","date_gmt":"2026-04-24T03:09:51","guid":{"rendered":"https:\/\/www.elcapital.pe\/?p=13748"},"modified":"2026-04-23T22:09:51","modified_gmt":"2026-04-24T03:09:51","slug":"delcy-rodriguez-anuncia-que-la-amnistia-llega-a-su-fin","status":"publish","type":"post","link":"https:\/\/www.elcapital.pe\/?p=13748","title":{"rendered":"DELCY RODRIGUEZ ANUNCIA QUE LA AMNISTIA \u201cLLEGA A SU FIN\u201d\u00a0"},"content":{"rendered":"\n<p>Varias ONG tachan de \u00abarbitraria e inconstitucional\u00bb la medida comunicada por la mandataria encargada de Venezuela y aseguran que a\u00fan quedan casi 500 presos pol\u00edticos.<\/p>\n\n\n\n<p>La presidenta encargada de Venezuela, Delcy Rodr\u00edguez, anunci\u00f3 este jueves (23.04.2026) que la amnist\u00eda \u00abllega a su fin\u00bb, dos meses despu\u00e9s de que se aprobara la ley -que no contempla una caducidad- y cuando a\u00fan hay 473 presos pol\u00edticos, seg\u00fan organizaciones no gubernamentales.<\/p>\n\n\n\n<p>La mandataria no dio detalles ni explic\u00f3 en qu\u00e9 consiste el \u00abfin\u00bb de la Ley de Amnist\u00eda, sancionada el 19 de febrero, y asegur\u00f3 que los casos que \u00abestaban excluidos expresamente\u00bb en el texto podr\u00e1n ser atendidos en otros espacios, como el gubernamental Programa para la Paz y Convivencia Democr\u00e1tica y la Comisi\u00f3n para la Reforma de la Justicia Penal, instalada este jueves.<\/p>\n\n\n\n<p>Varias ONG rechazaron de inmediato el anuncio de Rodr\u00edguez, al considerar esta decisi\u00f3n como \u00abarbitraria e inconstitucional\u00bb, ya que su derogaci\u00f3n no es competencia del Ejecutivo y la norma no establece una caducidad.<\/p>\n\n\n\n<p>\u00abEsto constituye una medida arbitraria e inconstitucional, que no contribuye al proceso de convivencia y paz que se viene anunciando\u00bb, manifest\u00f3 Provea en su cuenta de X.<\/p>\n\n\n\n<p>En la misma red social, Acceso a la Justicia argument\u00f3 que la Ley de Amnist\u00eda no establece una fecha de vencimiento para los beneficiados, por lo que consider\u00f3 que este instrumento sigue vigente, aunque el Ejecutivo \u00abhaya decidido que ya no lo est\u00e1\u00bb.<\/p>\n\n\n\n<p>Norma solo la puede derogar otra ley o la justicia<\/p>\n\n\n\n<p>Asimismo, explic\u00f3 que esta norma solo se puede derogar \u00abmediante otra ley de igual rango\u00bb dictada por el Parlamento o por una sentencia de nulidad de la Sala Constitucional del Tribunal Supremo de Justicia.<\/p>\n\n\n\n<p>\u00abLa intromisi\u00f3n del Ejecutivo nacional en este caso, tanto en las competencias legislativas como en las judiciales, viola los principios constitucionales de separaci\u00f3n de poderes\u00bb, apunt\u00f3 Acceso a la Justicia.<\/p>\n\n\n\n<p>Por su parte, Justicia, Encuentro y Perd\u00f3n indic\u00f3 en X que una ley de esta naturaleza no puede ser derogada por una declaraci\u00f3n del Ejecutivo y calific\u00f3 como un \u00abatropello al Estado de derecho\u00bb el anuncio de la presidenta encargada.<\/p>\n\n\n\n<p>Un \u00abacto de inseguridad jur\u00eddica\u00bb<\/p>\n\n\n\n<p>A su juicio, pretender dar por concluida esta ley representa un \u00abacto de inseguridad jur\u00eddica\u00bb que deja en \u00ababsoluta vulnerabilidad a las v\u00edctimas y env\u00eda una se\u00f1al alarmante al sistema judicial, al instruir de facto a los tribunales para desestimar solicitudes de libertad bajo una premisa inexistente en el ordenamiento jur\u00eddico\u00bb.<\/p>\n\n\n\n<p>\u00abLamentablemente, este desenlace confirma nuestra preocupaci\u00f3n inicial: la ley termin\u00f3 siendo un ejercicio de ret\u00f3rica pol\u00edtica m\u00e1s que un instrumento genuino para devolver la libertad a los presos pol\u00edticos\u00bb, a\u00f1adi\u00f3.<\/p>\n\n\n\n<p>Rodr\u00edguez anunci\u00f3 este jueves que la amnist\u00eda \u00abllega a su fin\u00bb, dos meses despu\u00e9s de que se aprobara la ley y cuando a\u00fan hay 473 presos pol\u00edticos, seg\u00fan organizaciones no gubernamentales.<\/p>\n\n\n\n<p>Oficialismo habla de m\u00e1s de 8.000 amnistiados<\/p>\n\n\n\n<p>Hasta el mi\u00e9rcoles, 8.616 personas hab\u00edan sido amnistiadas, de las cuales 314 estaban encarceladas y el resto ten\u00eda medidas cautelares, seg\u00fan inform\u00f3 entonces el diputado chavista Jorge Arreaza, quien preside la comisi\u00f3n parlamentaria encargada del seguimiento a la norma.<\/p>\n\n\n\n<p>Asimismo, indic\u00f3 que las autoridades recibieron un total de 12.187 solicitudes de amnist\u00eda v\u00e1lidas, es decir, que corresponden a los delitos y per\u00edodos establecidos en la legislaci\u00f3n.<\/p>\n\n\n\n<p>Arreaza agreg\u00f3 entonces que segu\u00edan \u00abrecibiendo solicitudes de venezolanos que viven dentro y fuera del pa\u00eds\u00bb.<\/p>\n\n\n\n<p>Las autoridades no han publicado un listado ofici al con las identidades de los beneficiados, pese a la solicitud del alto comisionado de Naciones Unidas para los derechos humanos, Volker T\u00fcrk, y de varias ONG venezolanas.<\/p>\n\n\n\n<p>jc (efe, El Nacional)<\/p>\n","protected":false},"excerpt":{"rendered":"<p>Varias ONG tachan de \u00abarbitraria e inconstitucional\u00bb la medida comunicada por la mandataria encargada de Venezuela y aseguran que a\u00fan quedan casi 500 presos pol\u00edticos. La presidenta encargada de Venezuela, Delcy Rodr\u00edguez, anunci\u00f3 este jueves (23.04.2026) que la amnist\u00eda \u00abllega a su fin\u00bb, dos meses despu\u00e9s de que se aprobara la ley -que no contempla [&hellip;]<\/p>\n","protected":false},"author":1,"featured_media":13749,"comment_status":"open","ping_status":"open","sticky":false,"template":"","format":"standard","meta":{"footnotes":""},"categories":[2],"tags":[],"class_list":["post-13748","post","type-post","status-publish","format-standard","has-post-thumbnail","hentry","category-actualidad"],"_links":{"self":[{"href":"https:\/\/www.elcapital.pe\/index.php?rest_route=\/wp\/v2\/posts\/13748","targetHints":{"allow":["GET"]}}],"collection":[{"href":"https:\/\/www.elcapital.pe\/index.php?rest_route=\/wp\/v2\/posts"}],"about":[{"href":"https:\/\/www.elcapital.pe\/index.php?rest_route=\/wp\/v2\/types\/post"}],"author":[{"embeddable":true,"href":"https:\/\/www.elcapital.pe\/index.php?rest_route=\/wp\/v2\/users\/1"}],"replies":[{"embeddable":true,"href":"https:\/\/www.elcapital.pe\/index.php?rest_route=%2Fwp%2Fv2%2Fcomments&post=13748"}],"version-history":[{"count":1,"href":"https:\/\/www.elcapital.pe\/index.php?rest_route=\/wp\/v2\/posts\/13748\/revisions"}],"predecessor-version":[{"id":13750,"href":"https:\/\/www.elcapital.pe\/index.php?rest_route=\/wp\/v2\/posts\/13748\/revisions\/13750"}],"wp:featuredmedia":[{"embeddable":true,"href":"https:\/\/www.elcapital.pe\/index.php?rest_route=\/wp\/v2\/media\/13749"}],"wp:attachment":[{"href":"https:\/\/www.elcapital.pe\/index.php?rest_route=%2Fwp%2Fv2%2Fmedia&parent=13748"}],"wp:term":[{"taxonomy":"category","embeddable":true,"href":"https:\/\/www.elcapital.pe\/index.php?rest_route=%2Fwp%2Fv2%2Fcategories&post=13748"},{"taxonomy":"post_tag","embeddable":true,"href":"https:\/\/www.elcapital.pe\/index.php?rest_route=%2Fwp%2Fv2%2Ftags&post=13748"}],"curies":[{"name":"wp","href":"https:\/\/api.w.org\/{rel}","templated":true}]}}