{"id":13722,"date":"2026-04-22T22:00:17","date_gmt":"2026-04-23T03:00:17","guid":{"rendered":"https:\/\/www.elcapital.pe\/?p=13722"},"modified":"2026-04-22T22:00:17","modified_gmt":"2026-04-23T03:00:17","slug":"iran-insiste-en-que-no-reabrira-ormuz-hasta-que-estados-unidos-levante-bloqueo","status":"publish","type":"post","link":"https:\/\/www.elcapital.pe\/?p=13722","title":{"rendered":"IRAN INSISTE EN QUE NO REABRIRA ORMUZ HASTA QUE ESTADOS UNIDOS LEVANTE BLOQUEO\u00a0"},"content":{"rendered":"\n<p>\u00abLa reapertura del estrecho de Ormuz no es posible si se incumple de forma flagrante el alto al fuego\u00bb, escribi\u00f3 en la red social X el presidente del Parlamento iran\u00ed Mohamad Baqer Qalibaf, una de las figuras pol\u00edticas m\u00e1s visibles del r\u00e9gimen isl\u00e1mico actualmente.<\/p>\n\n\n\n<p>El pol\u00edtico afirm\u00f3 \u00abun alto al fuego completo solo tiene sentido si no se viola mediante el bloqueo mar\u00edtimo y el secuestro de la econom\u00eda mundial\u00bb, y sostuvo que si Estados Unidos e Israel \u00abno lograron sus objetivos con la agresi\u00f3n militar, tampoco lo lograr\u00e1n con la intimidaci\u00f3n\u00bb.<\/p>\n\n\n\n<p>Trump dice que podr\u00eda haber nuevas negociaciones con Ir\u00e1n<\/p>\n\n\n\n<p>El presidente de Estados Unidos, Donald Trump, afirm\u00f3 este mi\u00e9rcoles que existe la posibilidad de retomar las conversaciones con el r\u00e9gimen iran\u00ed en Pakist\u00e1n el viernes, despu\u00e9s de que prorrogara el alto al fuego de forma indefinida.<\/p>\n\n\n\n<p>\u00abEs posible\u00bb, respondi\u00f3 en declaraciones al diario The New York Post al ser preguntado por las informaciones procedentes de Islamabad que apuntan a una eventual reanudaci\u00f3n del di\u00e1logo en las pr\u00f3ximas 36 o 72 horas.<\/p>\n\n\n\n<p>Trump anunci\u00f3 el martes su decisi\u00f3n de extender de el cese a las hostilidades con Ir\u00e1n hasta que el gobierno isl\u00e1mico, al que considera \u00abgravemente dividido\u00bb, le presente una \u00abpropuesta unificada\u00bb de acuerdo<\/p>\n","protected":false},"excerpt":{"rendered":"<p>\u00abLa reapertura del estrecho de Ormuz no es posible si se incumple de forma flagrante el alto al fuego\u00bb, escribi\u00f3 en la red social X el presidente del Parlamento iran\u00ed Mohamad Baqer Qalibaf, una de las figuras pol\u00edticas m\u00e1s visibles del r\u00e9gimen isl\u00e1mico actualmente. El pol\u00edtico afirm\u00f3 \u00abun alto al fuego completo solo tiene sentido [&hellip;]<\/p>\n","protected":false},"author":1,"featured_media":13723,"comment_status":"open","ping_status":"open","sticky":false,"template":"","format":"standard","meta":{"footnotes":""},"categories":[2],"tags":[],"class_list":["post-13722","post","type-post","status-publish","format-standard","has-post-thumbnail","hentry","category-actualidad"],"_links":{"self":[{"href":"https:\/\/www.elcapital.pe\/index.php?rest_route=\/wp\/v2\/posts\/13722","targetHints":{"allow":["GET"]}}],"collection":[{"href":"https:\/\/www.elcapital.pe\/index.php?rest_route=\/wp\/v2\/posts"}],"about":[{"href":"https:\/\/www.elcapital.pe\/index.php?rest_route=\/wp\/v2\/types\/post"}],"author":[{"embeddable":true,"href":"https:\/\/www.elcapital.pe\/index.php?rest_route=\/wp\/v2\/users\/1"}],"replies":[{"embeddable":true,"href":"https:\/\/www.elcapital.pe\/index.php?rest_route=%2Fwp%2Fv2%2Fcomments&post=13722"}],"version-history":[{"count":1,"href":"https:\/\/www.elcapital.pe\/index.php?rest_route=\/wp\/v2\/posts\/13722\/revisions"}],"predecessor-version":[{"id":13724,"href":"https:\/\/www.elcapital.pe\/index.php?rest_route=\/wp\/v2\/posts\/13722\/revisions\/13724"}],"wp:featuredmedia":[{"embeddable":true,"href":"https:\/\/www.elcapital.pe\/index.php?rest_route=\/wp\/v2\/media\/13723"}],"wp:attachment":[{"href":"https:\/\/www.elcapital.pe\/index.php?rest_route=%2Fwp%2Fv2%2Fmedia&parent=13722"}],"wp:term":[{"taxonomy":"category","embeddable":true,"href":"https:\/\/www.elcapital.pe\/index.php?rest_route=%2Fwp%2Fv2%2Fcategories&post=13722"},{"taxonomy":"post_tag","embeddable":true,"href":"https:\/\/www.elcapital.pe\/index.php?rest_route=%2Fwp%2Fv2%2Ftags&post=13722"}],"curies":[{"name":"wp","href":"https:\/\/api.w.org\/{rel}","templated":true}]}}