{"id":12425,"date":"2026-02-23T00:38:20","date_gmt":"2026-02-23T05:38:20","guid":{"rendered":"http:\/\/www.elcapital.pe\/?p=12425"},"modified":"2026-02-23T00:38:20","modified_gmt":"2026-02-23T05:38:20","slug":"petrolero-interceptado-por-ee-uu-fue-cargado-en-colombia","status":"publish","type":"post","link":"https:\/\/www.elcapital.pe\/?p=12425","title":{"rendered":"PETROLERO INTERCEPTADO POR EE.UU. FUE CARGADO EN COLOMBIA\u00a0"},"content":{"rendered":"\n<p>El mandatario Gustavo Petro admiti\u00f3 que el buque \u00abOcean Mariner\u00bb, tomado por EE.UU., fue cargado en un puerto colombiano.<\/p>\n\n\n\n<p>El presidente de Colombia, Gustavo Petro, reconoci\u00f3 el domingo (22.02.2026) que una \u00abempresa privada\u00bb de su pa\u00eds carg\u00f3 con petr\u00f3leo el buque \u00abOcean Mariner\u00bb, que seg\u00fan reportes period\u00edsticos zarp\u00f3 de costas colombianas y fue interceptado por la guardia costera de Estados Unidos en el Caribe.<\/p>\n\n\n\n<p>El presidente estadounidense Donald Trump firm\u00f3 el 28 de enero una orden ejecutiva en la que amenaza con imponer aranceles a los pa\u00edses que le vendan crudo a Cuba.<\/p>\n\n\n\n<p>El \u00abOcean Mariner\u00bb es uno de los pocos tanqueros que llegaron a la isla tras el cese de operaciones de buques desde Venezuela. Su \u00faltimo arribo, cargado con petr\u00f3leo mexicano, fue a comienzos de enero.<\/p>\n\n\n\n<p>Tras dejar Cuba, el buque lleg\u00f3 a finales de ese mes a Colombia y se estacion\u00f3 en un puerto cercano a Barranquilla (norte). All\u00ed fue cargado con petr\u00f3leo nuevamente con rumbo a Rep\u00fablica Dominicana, seg\u00fan una investigaci\u00f3n del diario estadounidense The New York Times con base en datos de rastreadores mar\u00edtimos.<\/p>\n\n\n\n<p>\u00abNo hay ninguna irregularidad\u00bb, dijo Petro<\/p>\n\n\n\n<p>El medio colombiano El Tiempo report\u00f3 que la transacci\u00f3n se pact\u00f3 por 6,9 millones de d\u00f3lares y que el carguero fue inspeccionado por las autoridades aduaneras antes de su partida.<\/p>\n\n\n\n<p>\u00abNo hay ninguna irregularidad colombiana ni p\u00fablica ni privada\u00bb, dijo Petro en la red social X el domingo al citar el reportaje de El Tiempo.<\/p>\n\n\n\n<p>\u00abQuien carga el buque es una empresa privada\u00bb y el destino informado del barco era Rep\u00fablica Dominicana, agreg\u00f3 el mandatario izquierdista.<\/p>\n\n\n\n<p>\u00bfDestino era Cuba o Dominicana?<\/p>\n\n\n\n<p>Frente a costas dominicanas, el barco se desvi\u00f3 y tom\u00f3 un curso cercano a Cuba en dos ocasiones. En ambas, la Guardia Costera estadounidense intercept\u00f3 al tanquero y lo escolt\u00f3, primero de regreso a Rep\u00fablica Dominicana y la segunda vez a las Bahamas, seg\u00fan The New York Times.<\/p>\n\n\n\n<p>\u00abNo hay delito en el transporte libre de petr\u00f3leo en el Caribe\u00bb, dijo Petro m\u00e1s temprano en otra publicaci\u00f3n en la que conmin\u00f3 a Estados Unidos \u00aba cambiar su pol\u00edtica hacia Cuba\u00bb.<\/p>\n\n\n\n<p>El mandatario colombiano se reuni\u00f3 con Trump en la Casa Blanca, a inicios de este mes, en una cita amistosa en la que limaron asperezas que se ven\u00edan acumulando desde el a\u00f1o pasado.<\/p>\n\n\n\n<p>Cuba est\u00e1 al borde de una crisis humanitaria, seg\u00fan analistas, tras la suspensi\u00f3n del suministro de petr\u00f3leo venezolano y las fuertes presiones del presidente estadounidense Donald Trump.<\/p>\n\n\n\n<p>Trump redobl\u00f3 la presi\u00f3n contra la isla luego de los bombardeos estadounidenses en Venezuela que terminaron con la captura del presidente Nicol\u00e1s Maduro en enero.<\/p>\n\n\n\n<p>jc (afp, El Colombiano, El Tiempo)<\/p>\n","protected":false},"excerpt":{"rendered":"<p>El mandatario Gustavo Petro admiti\u00f3 que el buque \u00abOcean Mariner\u00bb, tomado por EE.UU., fue cargado en un puerto colombiano. El presidente de Colombia, Gustavo Petro, reconoci\u00f3 el domingo (22.02.2026) que una \u00abempresa privada\u00bb de su pa\u00eds carg\u00f3 con petr\u00f3leo el buque \u00abOcean Mariner\u00bb, que seg\u00fan reportes period\u00edsticos zarp\u00f3 de costas colombianas y fue interceptado por [&hellip;]<\/p>\n","protected":false},"author":1,"featured_media":12426,"comment_status":"open","ping_status":"open","sticky":false,"template":"","format":"standard","meta":{"footnotes":""},"categories":[2],"tags":[],"class_list":["post-12425","post","type-post","status-publish","format-standard","has-post-thumbnail","hentry","category-actualidad"],"_links":{"self":[{"href":"https:\/\/www.elcapital.pe\/index.php?rest_route=\/wp\/v2\/posts\/12425","targetHints":{"allow":["GET"]}}],"collection":[{"href":"https:\/\/www.elcapital.pe\/index.php?rest_route=\/wp\/v2\/posts"}],"about":[{"href":"https:\/\/www.elcapital.pe\/index.php?rest_route=\/wp\/v2\/types\/post"}],"author":[{"embeddable":true,"href":"https:\/\/www.elcapital.pe\/index.php?rest_route=\/wp\/v2\/users\/1"}],"replies":[{"embeddable":true,"href":"https:\/\/www.elcapital.pe\/index.php?rest_route=%2Fwp%2Fv2%2Fcomments&post=12425"}],"version-history":[{"count":1,"href":"https:\/\/www.elcapital.pe\/index.php?rest_route=\/wp\/v2\/posts\/12425\/revisions"}],"predecessor-version":[{"id":12427,"href":"https:\/\/www.elcapital.pe\/index.php?rest_route=\/wp\/v2\/posts\/12425\/revisions\/12427"}],"wp:featuredmedia":[{"embeddable":true,"href":"https:\/\/www.elcapital.pe\/index.php?rest_route=\/wp\/v2\/media\/12426"}],"wp:attachment":[{"href":"https:\/\/www.elcapital.pe\/index.php?rest_route=%2Fwp%2Fv2%2Fmedia&parent=12425"}],"wp:term":[{"taxonomy":"category","embeddable":true,"href":"https:\/\/www.elcapital.pe\/index.php?rest_route=%2Fwp%2Fv2%2Fcategories&post=12425"},{"taxonomy":"post_tag","embeddable":true,"href":"https:\/\/www.elcapital.pe\/index.php?rest_route=%2Fwp%2Fv2%2Ftags&post=12425"}],"curies":[{"name":"wp","href":"https:\/\/api.w.org\/{rel}","templated":true}]}}