{"id":12419,"date":"2026-02-23T00:29:55","date_gmt":"2026-02-23T05:29:55","guid":{"rendered":"http:\/\/www.elcapital.pe\/?p=12419"},"modified":"2026-02-23T00:29:55","modified_gmt":"2026-02-23T05:29:55","slug":"carlos-alvarez-y-alfonso-lopez-chau-empatan-en-tercer-lugar-segun-datum","status":"publish","type":"post","link":"https:\/\/www.elcapital.pe\/?p=12419","title":{"rendered":"CARLOS ALVAREZ Y ALFONSO LOPEZ CHAU EMPATAN EN TERCER LUGAR, SEG\u00daN DATUM\u00a0"},"content":{"rendered":"\n<p>La m\u00e1s reciente encuesta de Datum, difundida el 22 de febrero en el programa Cuarto Poder de Am\u00e9rica Televisi\u00f3n, confirma un escenario electoral altamente fragmentado: Rafael L\u00f3pez Aliaga lidera con 13,4% y Keiko Fujimori le sigue con 9,7%, mientras que Carlos \u00c1lvarez y Alfonso L\u00f3pez-Chau empatan t\u00e9cnicamente en el tercer lugar.<\/p>\n\n\n\n<p>\u00c1lvarez, de Pa\u00eds para Todos, alcanza 6%, y L\u00f3pez-Chau, de Ahora Naci\u00f3n, obtiene 5,7%. La diferencia de 0,3 puntos est\u00e1 dentro del margen de error (\u00b12,5%), por lo que ambos comparten la tercera posici\u00f3n.<\/p>\n\n\n\n<p>El estudio \u2014seg\u00fan se precis\u00f3 durante la transmisi\u00f3n\u2014 no recoge los \u00faltimos acontecimientos pol\u00edticos, como el reciente cambio de gobierno ni las tensiones partidarias de la \u00faltima semana.<\/p>\n\n\n\n<p>M\u00e1s atr\u00e1s aparecen C\u00e9sar Acu\u00f1a (3%), Mart\u00edn Vizcarra (2,6%), Roberto S\u00e1nchez (2,5%), Johnny Lezcano (2,4%), Jos\u00e9 Luna G\u00e1lvez (1,7%), George Forsyth (1,5%), Ricardo Belmont (1,4%) y Wolfgang Grosso (1,4%).<\/p>\n\n\n\n<p>El informe tambi\u00e9n destaca que el voto contin\u00faa disperso: \u201cOtros\u201d suma 8,3%; \u201cNinguno, blanco o viciado\u201d, 24,1%; y \u201cNo sabe\u201d, 16,3%. Aunque el porcentaje de indecisos baj\u00f3 levemente \u2014de 42,5% a 40% en dos semanas\u2014, una amplia franja del electorado a\u00fan no define su preferencia, lo que mantiene abierta la contienda.<\/p>\n","protected":false},"excerpt":{"rendered":"<p>La m\u00e1s reciente encuesta de Datum, difundida el 22 de febrero en el programa Cuarto Poder de Am\u00e9rica Televisi\u00f3n, confirma un escenario electoral altamente fragmentado: Rafael L\u00f3pez Aliaga lidera con 13,4% y Keiko Fujimori le sigue con 9,7%, mientras que Carlos \u00c1lvarez y Alfonso L\u00f3pez-Chau empatan t\u00e9cnicamente en el tercer lugar. \u00c1lvarez, de Pa\u00eds para [&hellip;]<\/p>\n","protected":false},"author":1,"featured_media":12420,"comment_status":"open","ping_status":"open","sticky":false,"template":"","format":"standard","meta":{"footnotes":""},"categories":[2],"tags":[],"class_list":["post-12419","post","type-post","status-publish","format-standard","has-post-thumbnail","hentry","category-actualidad"],"_links":{"self":[{"href":"https:\/\/www.elcapital.pe\/index.php?rest_route=\/wp\/v2\/posts\/12419","targetHints":{"allow":["GET"]}}],"collection":[{"href":"https:\/\/www.elcapital.pe\/index.php?rest_route=\/wp\/v2\/posts"}],"about":[{"href":"https:\/\/www.elcapital.pe\/index.php?rest_route=\/wp\/v2\/types\/post"}],"author":[{"embeddable":true,"href":"https:\/\/www.elcapital.pe\/index.php?rest_route=\/wp\/v2\/users\/1"}],"replies":[{"embeddable":true,"href":"https:\/\/www.elcapital.pe\/index.php?rest_route=%2Fwp%2Fv2%2Fcomments&post=12419"}],"version-history":[{"count":1,"href":"https:\/\/www.elcapital.pe\/index.php?rest_route=\/wp\/v2\/posts\/12419\/revisions"}],"predecessor-version":[{"id":12421,"href":"https:\/\/www.elcapital.pe\/index.php?rest_route=\/wp\/v2\/posts\/12419\/revisions\/12421"}],"wp:featuredmedia":[{"embeddable":true,"href":"https:\/\/www.elcapital.pe\/index.php?rest_route=\/wp\/v2\/media\/12420"}],"wp:attachment":[{"href":"https:\/\/www.elcapital.pe\/index.php?rest_route=%2Fwp%2Fv2%2Fmedia&parent=12419"}],"wp:term":[{"taxonomy":"category","embeddable":true,"href":"https:\/\/www.elcapital.pe\/index.php?rest_route=%2Fwp%2Fv2%2Fcategories&post=12419"},{"taxonomy":"post_tag","embeddable":true,"href":"https:\/\/www.elcapital.pe\/index.php?rest_route=%2Fwp%2Fv2%2Ftags&post=12419"}],"curies":[{"name":"wp","href":"https:\/\/api.w.org\/{rel}","templated":true}]}}