{"id":12413,"date":"2026-02-23T00:05:04","date_gmt":"2026-02-23T05:05:04","guid":{"rendered":"http:\/\/www.elcapital.pe\/?p=12413"},"modified":"2026-02-23T00:05:04","modified_gmt":"2026-02-23T05:05:04","slug":"hernando-de-soto-sera-premier-de-jose-maria-balcazar-gabinete-jurara-este-martes-24","status":"publish","type":"post","link":"https:\/\/www.elcapital.pe\/?p=12413","title":{"rendered":"HERNANDO DE SOTO SERA PREMIER DE JOSE MARIA BALCAZAR: GABINETE JURARA ESTE MARTES 24\u00a0"},"content":{"rendered":"\n<p>La Presidencia de la Rep\u00fablica confirm\u00f3 que el economista Hernando de Soto asumir\u00e1 la Presidencia del Consejo de Ministros durante la gesti\u00f3n transitoria encabezada por Jos\u00e9 Mar\u00eda Balc\u00e1zar. La juramentaci\u00f3n del nuevo gabinete est\u00e1 prevista para este martes 24 de febrero.<\/p>\n\n\n\n<p>El anuncio se realiz\u00f3 un d\u00eda despu\u00e9s de que se hiciera p\u00fablica la reuni\u00f3n entre ambos. Seg\u00fan el comunicado oficial, en el encuentro se definieron las primeras acciones del Ejecutivo dentro del marco constitucional y de las facultades otorgadas por el Congreso.<\/p>\n\n\n\n<p>Entre las prioridades del Gabinete De Soto figuran la estabilidad econ\u00f3mica, la defensa de los derechos fundamentales y la promoci\u00f3n de la equidad social. Tambi\u00e9n se eval\u00faan gestos en el \u00e1mbito internacional, como una eventual visita a l\u00edderes ind\u00edgenas de Estados Unidos y Canad\u00e1 para fortalecer el di\u00e1logo intercultural.<\/p>\n\n\n\n<p>\u00bfQui\u00e9n es Hernando de Soto?<\/p>\n\n\n\n<p>Hernando de Soto (Arequipa, 1941) es economista y fundador del Instituto Libertad y Democracia (ILD). Es reconocido por su influencia en las reformas econ\u00f3micas aplicadas durante el gobierno de Alberto Fujimori, orientadas a estabilizar la econom\u00eda y liberalizar el mercado en la d\u00e9cada de 1990.<\/p>\n\n\n\n<p>Desde el ILD promovi\u00f3 la formalizaci\u00f3n de la propiedad como herramienta para combatir la pobreza, tesis desarrollada en sus libros El otro sendero y El misterio del capital, que le dieron proyecci\u00f3n internacional y lo convirtieron en asesor de diversos organismos multilaterales.<\/p>\n\n\n\n<p>En 2021 fue candidato presidencial por Avanza Pa\u00eds, donde obtuvo el cuarto lugar con m\u00e1s del 11 % de los votos v\u00e1lidos.<\/p>\n","protected":false},"excerpt":{"rendered":"<p>La Presidencia de la Rep\u00fablica confirm\u00f3 que el economista Hernando de Soto asumir\u00e1 la Presidencia del Consejo de Ministros durante la gesti\u00f3n transitoria encabezada por Jos\u00e9 Mar\u00eda Balc\u00e1zar. La juramentaci\u00f3n del nuevo gabinete est\u00e1 prevista para este martes 24 de febrero. El anuncio se realiz\u00f3 un d\u00eda despu\u00e9s de que se hiciera p\u00fablica la reuni\u00f3n [&hellip;]<\/p>\n","protected":false},"author":1,"featured_media":12414,"comment_status":"open","ping_status":"open","sticky":false,"template":"","format":"standard","meta":{"footnotes":""},"categories":[2],"tags":[],"class_list":["post-12413","post","type-post","status-publish","format-standard","has-post-thumbnail","hentry","category-actualidad"],"_links":{"self":[{"href":"https:\/\/www.elcapital.pe\/index.php?rest_route=\/wp\/v2\/posts\/12413","targetHints":{"allow":["GET"]}}],"collection":[{"href":"https:\/\/www.elcapital.pe\/index.php?rest_route=\/wp\/v2\/posts"}],"about":[{"href":"https:\/\/www.elcapital.pe\/index.php?rest_route=\/wp\/v2\/types\/post"}],"author":[{"embeddable":true,"href":"https:\/\/www.elcapital.pe\/index.php?rest_route=\/wp\/v2\/users\/1"}],"replies":[{"embeddable":true,"href":"https:\/\/www.elcapital.pe\/index.php?rest_route=%2Fwp%2Fv2%2Fcomments&post=12413"}],"version-history":[{"count":1,"href":"https:\/\/www.elcapital.pe\/index.php?rest_route=\/wp\/v2\/posts\/12413\/revisions"}],"predecessor-version":[{"id":12415,"href":"https:\/\/www.elcapital.pe\/index.php?rest_route=\/wp\/v2\/posts\/12413\/revisions\/12415"}],"wp:featuredmedia":[{"embeddable":true,"href":"https:\/\/www.elcapital.pe\/index.php?rest_route=\/wp\/v2\/media\/12414"}],"wp:attachment":[{"href":"https:\/\/www.elcapital.pe\/index.php?rest_route=%2Fwp%2Fv2%2Fmedia&parent=12413"}],"wp:term":[{"taxonomy":"category","embeddable":true,"href":"https:\/\/www.elcapital.pe\/index.php?rest_route=%2Fwp%2Fv2%2Fcategories&post=12413"},{"taxonomy":"post_tag","embeddable":true,"href":"https:\/\/www.elcapital.pe\/index.php?rest_route=%2Fwp%2Fv2%2Ftags&post=12413"}],"curies":[{"name":"wp","href":"https:\/\/api.w.org\/{rel}","templated":true}]}}