{"id":12410,"date":"2026-02-21T07:15:39","date_gmt":"2026-02-21T12:15:39","guid":{"rendered":"https:\/\/www.elcapital.pe\/?p=12410"},"modified":"2026-02-21T07:15:39","modified_gmt":"2026-02-21T12:15:39","slug":"gobierno-de-cuba-controla-motin-en-carcel-de-alta-seguridad","status":"publish","type":"post","link":"https:\/\/www.elcapital.pe\/?p=12410","title":{"rendered":"GOBIERNO DE CUBA CONTROLA MOTIN EN CARCEL DE ALTA SEGURIDAD\u00a0\u00a0"},"content":{"rendered":"\n<p>Se cree que varios presos recluidos en el penal de Canaleta protestaron por las malas condiciones carcelarias.<\/p>\n\n\n\n<p>El Ministerio del Interior (Minint) de Cuba inform\u00f3 el viernes (20.02.2026) que \u00abrestableci\u00f3 el orden con racionalidad y determinaci\u00f3n\u00bb en la c\u00e1rcel de alta seguridad de Canaleta (centro del pa\u00eds), tras un mot\u00edn registrado la v\u00edspera.<\/p>\n\n\n\n<p>En un escueto comunicado que no detall\u00f3 lo ocurrido, el Minint asegur\u00f3 que los hechos se produjeron cuando dos presos \u00abjunto con otros reclusos\u00bb cometieron \u00abuna violaci\u00f3n grave del reglamento penitenciario\u00bb.<\/p>\n\n\n\n<p>La entidad no aclar\u00f3 si hay reos heridos o fallecidos, tal como llegaron a alertar el jueves miembros de varias ONG.<\/p>\n\n\n\n<p>Es la primera referencia del gobierno cubano al mot\u00edn de Canaleta, penal situado en la provincia central de Ciego de \u00c1vila.<\/p>\n\n\n\n<p>Al parecer, los presos protestaron contra las malas condiciones carcelarias y en favor de la libertad pol\u00edtica.<\/p>\n\n\n\n<p>Jos\u00e9 Daniel Ferrer, l\u00edder opositor excarcelado y exiliado en Estados Unidos, public\u00f3 en sus redes sociales varios videos de las supuestas protestas.<\/p>\n\n\n\n<p>En ellos se pueden escuchar silbidos y gritos de \u00abPatria y Vida\u00bb, un lema de las manifestaciones urbanas de 2021, que fueron violentamente reprimidas por las fuerzas de seguridad del r\u00e9gimen.<\/p>\n\n\n\n<p>Seg\u00fan la ONG Prisoners Defenders, con sede en Madrid, los familiares de los reos se reunieron frente a penal. Se cree que la polic\u00eda utiliz\u00f3 gas pimienta y balas de goma contra los reclusos, seg\u00fan report\u00f3 la agencia alemana de prensa, dpa, que habla de dos muertos y varios heridos aclarando que son datos no confirmados oficialmente.<\/p>\n\n\n\n<p>El Centro de Documentaci\u00f3n de las C\u00e1rceles Cubanas, con sede en M\u00e9xico, inform\u00f3 que varias personas fueron trasladadas al hospital con heridas en la cabeza o afectadas por el uso de gas pimienta.<\/p>\n\n\n\n<p>Cuba atraviesa una de sus crisis m\u00e1s profundas desde la revoluci\u00f3n de 1959, liderada por el fallecido comandante izquierdista Fidel Castro.<\/p>\n\n\n\n<p>La situaci\u00f3n se agrav\u00f3 en las \u00faltimas semanas, luego de que el presidente estadounidense Donald Trump amenaz\u00f3 con imponer aranceles a quienes provean petr\u00f3leo a Cuba. Debido a esto, la isla ya no recibe oficialmente crudo del extranjero.<\/p>\n\n\n\n<p>gs (efe, dpa)<\/p>\n","protected":false},"excerpt":{"rendered":"<p>Se cree que varios presos recluidos en el penal de Canaleta protestaron por las malas condiciones carcelarias. El Ministerio del Interior (Minint) de Cuba inform\u00f3 el viernes (20.02.2026) que \u00abrestableci\u00f3 el orden con racionalidad y determinaci\u00f3n\u00bb en la c\u00e1rcel de alta seguridad de Canaleta (centro del pa\u00eds), tras un mot\u00edn registrado la v\u00edspera. En un [&hellip;]<\/p>\n","protected":false},"author":1,"featured_media":12411,"comment_status":"open","ping_status":"open","sticky":false,"template":"","format":"standard","meta":{"footnotes":""},"categories":[2],"tags":[],"class_list":["post-12410","post","type-post","status-publish","format-standard","has-post-thumbnail","hentry","category-actualidad"],"_links":{"self":[{"href":"https:\/\/www.elcapital.pe\/index.php?rest_route=\/wp\/v2\/posts\/12410","targetHints":{"allow":["GET"]}}],"collection":[{"href":"https:\/\/www.elcapital.pe\/index.php?rest_route=\/wp\/v2\/posts"}],"about":[{"href":"https:\/\/www.elcapital.pe\/index.php?rest_route=\/wp\/v2\/types\/post"}],"author":[{"embeddable":true,"href":"https:\/\/www.elcapital.pe\/index.php?rest_route=\/wp\/v2\/users\/1"}],"replies":[{"embeddable":true,"href":"https:\/\/www.elcapital.pe\/index.php?rest_route=%2Fwp%2Fv2%2Fcomments&post=12410"}],"version-history":[{"count":1,"href":"https:\/\/www.elcapital.pe\/index.php?rest_route=\/wp\/v2\/posts\/12410\/revisions"}],"predecessor-version":[{"id":12412,"href":"https:\/\/www.elcapital.pe\/index.php?rest_route=\/wp\/v2\/posts\/12410\/revisions\/12412"}],"wp:featuredmedia":[{"embeddable":true,"href":"https:\/\/www.elcapital.pe\/index.php?rest_route=\/wp\/v2\/media\/12411"}],"wp:attachment":[{"href":"https:\/\/www.elcapital.pe\/index.php?rest_route=%2Fwp%2Fv2%2Fmedia&parent=12410"}],"wp:term":[{"taxonomy":"category","embeddable":true,"href":"https:\/\/www.elcapital.pe\/index.php?rest_route=%2Fwp%2Fv2%2Fcategories&post=12410"},{"taxonomy":"post_tag","embeddable":true,"href":"https:\/\/www.elcapital.pe\/index.php?rest_route=%2Fwp%2Fv2%2Ftags&post=12410"}],"curies":[{"name":"wp","href":"https:\/\/api.w.org\/{rel}","templated":true}]}}