{"id":12401,"date":"2026-02-21T06:58:20","date_gmt":"2026-02-21T11:58:20","guid":{"rendered":"https:\/\/www.elcapital.pe\/?p=12401"},"modified":"2026-02-21T06:58:20","modified_gmt":"2026-02-21T11:58:20","slug":"caracas-dicta-primeras-379-liberaciones-por-ley-de-amnistia","status":"publish","type":"post","link":"https:\/\/www.elcapital.pe\/?p=12401","title":{"rendered":"CARACAS DICTA PRIMERAS 379 LIBERACIONES POR LEY DE AMNISTIA\u00a0\u00a0"},"content":{"rendered":"\n<p>Los presos pol\u00edticos beneficiados deben salir de la c\u00e1rcel este s\u00e1bado, seg\u00fan el parlamentario Jorge Arreaza, encargado del proceso.<\/p>\n\n\n\n<p>La justicia de Venezuela otorg\u00f3 la noche del viernes (20.02.2026) la libertad a 379 presos pol\u00edticos, un d\u00eda despu\u00e9s de la aprobaci\u00f3n de una hist\u00f3rica ley de amnist\u00eda, anunci\u00f3 Jorge Arreaza, el parlamentario que verifica ese proceso impulsado por el gobierno interino del pa\u00eds tras el derrocamiento de Nicol\u00e1s Maduro.<\/p>\n\n\n\n<p>Horas antes, la presidenta encargada Delcy Rodr\u00edguez hab\u00eda defendido en un discurso en la televisora estatal que el instrumento marca un paso en la construcci\u00f3n de \u00abuna Venezuela m\u00e1s democr\u00e1tica, m\u00e1s justa, m\u00e1s libre\u00bb.<\/p>\n\n\n\n<p>Las 379 personas amnistiadas \u00abdeben ser excarceladas (&#8230;) entre la noche de hoy y la ma\u00f1ana de ma\u00f1ana (s\u00e1bado)\u00bb, anunci\u00f3 en una entrevista televisiva el diputado Jorge Arreaza, que encabeza la comisi\u00f3n legislativa que redact\u00f3 la ley y sigue su aplicaci\u00f3n.<\/p>\n\n\n\n<p>Aunque el gobierno de Rodr\u00edguez otorg\u00f3 libertad condicional a 448 opositores tras la captura de Maduro en una incursi\u00f3n estadounidense a inicios de enero, quedaban casi 650 presos pol\u00edticos encarcelados antes de esta nueva tanda, seg\u00fan la oeneg\u00e9 Foro Penal.<\/p>\n\n\n\n<p>Alcance de la ley<\/p>\n\n\n\n<p>Expertos dudan del alcance de esta ley, iniciativa de Rodr\u00edguez y aprobada la noche del jueves en el Parlamento por consenso. Cientos de detenidos como militares implicados en actividades \u00abterroristas\u00bb pueden quedar fuera.<\/p>\n\n\n\n<p>La ley \u00abdebe interpretarse como una se\u00f1al de madurez y fortaleza pol\u00edtica, al representar un paso trascendental para lograr la estabilidad de la naci\u00f3n\u00bb, dijo el ministro de Defensa y general en jefe de la Fuerza Armada, Vladimir Padrino, en un comunicado.<\/p>\n\n\n\n<p>La Fuerza Armada es el sost\u00e9n de la llamada Revoluci\u00f3n Bolivariana. Jura \u00ablealtad y subordinaci\u00f3n\u00bb a Rodr\u00edguez, quien era vicepresidenta de Maduro y asumi\u00f3 funciones de manera temporal tras su derrocamiento. \u00abHa sido un acto de grandeza\u00bb, calific\u00f3 la mandataria interina tras promulgar la ley. \u00abHay que saber pedir perd\u00f3n y hay que saber tambi\u00e9n recibir perd\u00f3n\u00bb, apunt\u00f3.<\/p>\n","protected":false},"excerpt":{"rendered":"<p>Los presos pol\u00edticos beneficiados deben salir de la c\u00e1rcel este s\u00e1bado, seg\u00fan el parlamentario Jorge Arreaza, encargado del proceso. La justicia de Venezuela otorg\u00f3 la noche del viernes (20.02.2026) la libertad a 379 presos pol\u00edticos, un d\u00eda despu\u00e9s de la aprobaci\u00f3n de una hist\u00f3rica ley de amnist\u00eda, anunci\u00f3 Jorge Arreaza, el parlamentario que verifica ese [&hellip;]<\/p>\n","protected":false},"author":1,"featured_media":12402,"comment_status":"open","ping_status":"open","sticky":false,"template":"","format":"standard","meta":{"footnotes":""},"categories":[2],"tags":[],"class_list":["post-12401","post","type-post","status-publish","format-standard","has-post-thumbnail","hentry","category-actualidad"],"_links":{"self":[{"href":"https:\/\/www.elcapital.pe\/index.php?rest_route=\/wp\/v2\/posts\/12401","targetHints":{"allow":["GET"]}}],"collection":[{"href":"https:\/\/www.elcapital.pe\/index.php?rest_route=\/wp\/v2\/posts"}],"about":[{"href":"https:\/\/www.elcapital.pe\/index.php?rest_route=\/wp\/v2\/types\/post"}],"author":[{"embeddable":true,"href":"https:\/\/www.elcapital.pe\/index.php?rest_route=\/wp\/v2\/users\/1"}],"replies":[{"embeddable":true,"href":"https:\/\/www.elcapital.pe\/index.php?rest_route=%2Fwp%2Fv2%2Fcomments&post=12401"}],"version-history":[{"count":1,"href":"https:\/\/www.elcapital.pe\/index.php?rest_route=\/wp\/v2\/posts\/12401\/revisions"}],"predecessor-version":[{"id":12403,"href":"https:\/\/www.elcapital.pe\/index.php?rest_route=\/wp\/v2\/posts\/12401\/revisions\/12403"}],"wp:featuredmedia":[{"embeddable":true,"href":"https:\/\/www.elcapital.pe\/index.php?rest_route=\/wp\/v2\/media\/12402"}],"wp:attachment":[{"href":"https:\/\/www.elcapital.pe\/index.php?rest_route=%2Fwp%2Fv2%2Fmedia&parent=12401"}],"wp:term":[{"taxonomy":"category","embeddable":true,"href":"https:\/\/www.elcapital.pe\/index.php?rest_route=%2Fwp%2Fv2%2Fcategories&post=12401"},{"taxonomy":"post_tag","embeddable":true,"href":"https:\/\/www.elcapital.pe\/index.php?rest_route=%2Fwp%2Fv2%2Ftags&post=12401"}],"curies":[{"name":"wp","href":"https:\/\/api.w.org\/{rel}","templated":true}]}}