{"id":12233,"date":"2026-02-12T22:34:49","date_gmt":"2026-02-13T03:34:49","guid":{"rendered":"http:\/\/www.elcapital.pe\/?p=12233"},"modified":"2026-02-12T22:34:49","modified_gmt":"2026-02-13T03:34:49","slug":"trump-amenaza-a-iran-con-fase-dura-si-no-hay-acuerdo","status":"publish","type":"post","link":"https:\/\/www.elcapital.pe\/?p=12233","title":{"rendered":"TRUMP AMENAZA A IRAN CON FASE \u201cDURA\u201d SI NO HAY ACUERDO\u00a0\u00a0\u00a0\u00a0\u00a0"},"content":{"rendered":"\n<p>\u00abTenemos que alcanzar un acuerdo, de lo contrario va a ser muy traum\u00e1tico\u00bb, dijo el mandatario estadounidense.<\/p>\n\n\n\n<p>El presidente estadounidense Donald Trump amenaz\u00f3&nbsp; a Ir\u00e1n el jueves (12.02.2026) con consecuencias \u00abmuy traum\u00e1ticas\u00bb si no acepta un acuerdo al t\u00e9rmino de las negociaciones con Estados Unidos sobre su programa nuclear.<\/p>\n\n\n\n<p>El primer ministro israel\u00ed Benjamin Netanyahu se reuni\u00f3 el mi\u00e9rcoles con Trump en Washington, en un intento de presionarlo para que adopte una postura m\u00e1s dura en las conversaciones con Ir\u00e1n, especialmente para incluir el tema sobre arsenal de misiles bal\u00edsticos iran\u00edes en las negociaciones.<\/p>\n\n\n\n<p>\u00abTenemos que alcanzar un acuerdo, de lo contrario va a ser muy traum\u00e1tico (&#8230;). No quiero que eso ocurra, pero tenemos que llegar a un acuerdo\u00bb, dijo Trump al ser consultado este jueves sobre sus conversaciones con Netanyahu.<\/p>\n\n\n\n<p>Pero los l\u00edderes de Israel y Estados Unidos aparentemente siguieron en desacuerdo, y Trump dijo despu\u00e9s de su reuni\u00f3n que hab\u00eda insistido en que las negociaciones continuar\u00e1n.<\/p>\n\n\n\n<p>No obstante, este jueves Trump dijo que esperaba un resultado de las negociaciones \u00aben el pr\u00f3ximo mes\u00bb.<\/p>\n\n\n\n<p>En un video compartido por su oficina, el primer ministro israel\u00ed expres\u00f3 \u00abun escepticismo general respecto a la calidad de cualquier acuerdo con Ir\u00e1n\u00bb.<\/p>\n\n\n\n<p>Agreg\u00f3 que todo pacto tambi\u00e9n debe considerar los misiles bal\u00edsticos de Ir\u00e1n y su apoyo a grupos armados en la regi\u00f3n, como el movimiento islamista palestino Ham\u00e1s, los rebeldes hut\u00edes en Yemen y Hezbol\u00e1 en L\u00edbano.<\/p>\n\n\n\n<p>Hasta ahora, Ir\u00e1n ha rechazado ampliar esta nueva ronda de conversaciones m\u00e1s all\u00e1 del tema nuclear.<\/p>\n\n\n\n<p>Teher\u00e1n niega buscar un arma nuclear y ha dicho que no ceder\u00e1 ante \u00abexigencias excesivas\u00bb sobre el asunto.<\/p>\n\n\n\n<p>gs (afp, efe)<\/p>\n\n\n\n<p><\/p>\n","protected":false},"excerpt":{"rendered":"<p>\u00abTenemos que alcanzar un acuerdo, de lo contrario va a ser muy traum\u00e1tico\u00bb, dijo el mandatario estadounidense. El presidente estadounidense Donald Trump amenaz\u00f3&nbsp; a Ir\u00e1n el jueves (12.02.2026) con consecuencias \u00abmuy traum\u00e1ticas\u00bb si no acepta un acuerdo al t\u00e9rmino de las negociaciones con Estados Unidos sobre su programa nuclear. El primer ministro israel\u00ed Benjamin Netanyahu [&hellip;]<\/p>\n","protected":false},"author":1,"featured_media":12234,"comment_status":"open","ping_status":"open","sticky":false,"template":"","format":"standard","meta":{"footnotes":""},"categories":[2],"tags":[],"class_list":["post-12233","post","type-post","status-publish","format-standard","has-post-thumbnail","hentry","category-actualidad"],"_links":{"self":[{"href":"https:\/\/www.elcapital.pe\/index.php?rest_route=\/wp\/v2\/posts\/12233","targetHints":{"allow":["GET"]}}],"collection":[{"href":"https:\/\/www.elcapital.pe\/index.php?rest_route=\/wp\/v2\/posts"}],"about":[{"href":"https:\/\/www.elcapital.pe\/index.php?rest_route=\/wp\/v2\/types\/post"}],"author":[{"embeddable":true,"href":"https:\/\/www.elcapital.pe\/index.php?rest_route=\/wp\/v2\/users\/1"}],"replies":[{"embeddable":true,"href":"https:\/\/www.elcapital.pe\/index.php?rest_route=%2Fwp%2Fv2%2Fcomments&post=12233"}],"version-history":[{"count":1,"href":"https:\/\/www.elcapital.pe\/index.php?rest_route=\/wp\/v2\/posts\/12233\/revisions"}],"predecessor-version":[{"id":12235,"href":"https:\/\/www.elcapital.pe\/index.php?rest_route=\/wp\/v2\/posts\/12233\/revisions\/12235"}],"wp:featuredmedia":[{"embeddable":true,"href":"https:\/\/www.elcapital.pe\/index.php?rest_route=\/wp\/v2\/media\/12234"}],"wp:attachment":[{"href":"https:\/\/www.elcapital.pe\/index.php?rest_route=%2Fwp%2Fv2%2Fmedia&parent=12233"}],"wp:term":[{"taxonomy":"category","embeddable":true,"href":"https:\/\/www.elcapital.pe\/index.php?rest_route=%2Fwp%2Fv2%2Fcategories&post=12233"},{"taxonomy":"post_tag","embeddable":true,"href":"https:\/\/www.elcapital.pe\/index.php?rest_route=%2Fwp%2Fv2%2Ftags&post=12233"}],"curies":[{"name":"wp","href":"https:\/\/api.w.org\/{rel}","templated":true}]}}