{"id":12193,"date":"2026-02-11T21:37:21","date_gmt":"2026-02-12T02:37:21","guid":{"rendered":"http:\/\/www.elcapital.pe\/?p=12193"},"modified":"2026-02-11T21:37:21","modified_gmt":"2026-02-12T02:37:21","slug":"caso-andrea-vidal-poder-judicial-ordena-detencion-preliminar-de-cinco-implicados-en-el-homicidio","status":"publish","type":"post","link":"https:\/\/www.elcapital.pe\/?p=12193","title":{"rendered":"CASO ANDREA VIDAL: PODER JUDICIAL ORDENA DETENCION PRELIMINAR DE CINCO IMPLICADOS EN EL HOMICIDIO\u00a0"},"content":{"rendered":"\n<p>El caso por el asesinato de Andrea Vidal, extrabajadora del Congreso, dio un nuevo giro luego de que el Poder Judicial ordenara la detenci\u00f3n preliminar de cinco personas presuntamente implicadas en el crimen. No obstante, hasta el momento solo dos de los investigados han sido capturados; otros dos permanecen no habidos y uno se encuentra fuera del pa\u00eds.<\/p>\n\n\n\n<p>La decisi\u00f3n judicial gener\u00f3 cuestionamientos desde el Congreso, donde varios parlamentarios criticaron la demora del Ministerio P\u00fablico en impulsar las diligencias. Entre los principales investigados figura Rodrigo Falc\u00f3n, expareja de la v\u00edctima, quien actualmente reside en Colombia, lo que podr\u00eda complicar el proceso judicial.<\/p>\n\n\n\n<p>El congresista Jaime Quito sostuvo que la salida del pa\u00eds de uno de los implicados refleja un retraso significativo en la investigaci\u00f3n. Por su parte, Lady Camones consider\u00f3 que, pese al tiempo transcurrido, la Fiscal\u00eda a\u00fan dispone de mecanismos legales para gestionar su captura internacional.<\/p>\n\n\n\n<p>Sobre este punto, la abogada penalista Romy Chang explic\u00f3 que, al encontrarse Falc\u00f3n en el extranjero, ser\u00e1 necesario iniciar un proceso de extradici\u00f3n, tr\u00e1mite que podr\u00eda extenderse por varios a\u00f1os. Seg\u00fan precis\u00f3, este tipo de dilaciones puede afectar el desarrollo del proceso penal, especialmente ante eventuales cambios de autoridades o escenarios pol\u00edticos.<\/p>\n\n\n\n<p>La versi\u00f3n de Isabel Cajo<\/p>\n\n\n\n<p>En paralelo, Isabel Cajo, amiga de Andrea Vidal, volvi\u00f3 al centro de la controversia luego de que trascendiera que ambas habr\u00edan asistido a una reuni\u00f3n social organizada por el entonces congresista Jos\u00e9 Jer\u00ed en noviembre de 2024. En declaraciones al programa Combutters, Cajo neg\u00f3 haber participado en dicho evento.<\/p>\n\n\n\n<p>Al respecto, la penalista Romy Chang indic\u00f3 que asistir a una reuni\u00f3n social no constituye delito alguno; sin embargo, se\u00f1al\u00f3 que este tipo de informaci\u00f3n podr\u00eda ser evaluada como un elemento indiciario dentro del marco de la investigaci\u00f3n, a fin de establecer posibles v\u00ednculos o contextos relevantes para el caso.<\/p>\n","protected":false},"excerpt":{"rendered":"<p>El caso por el asesinato de Andrea Vidal, extrabajadora del Congreso, dio un nuevo giro luego de que el Poder Judicial ordenara la detenci\u00f3n preliminar de cinco personas presuntamente implicadas en el crimen. No obstante, hasta el momento solo dos de los investigados han sido capturados; otros dos permanecen no habidos y uno se encuentra [&hellip;]<\/p>\n","protected":false},"author":1,"featured_media":12194,"comment_status":"open","ping_status":"open","sticky":false,"template":"","format":"standard","meta":{"footnotes":""},"categories":[2],"tags":[],"class_list":["post-12193","post","type-post","status-publish","format-standard","has-post-thumbnail","hentry","category-actualidad"],"_links":{"self":[{"href":"https:\/\/www.elcapital.pe\/index.php?rest_route=\/wp\/v2\/posts\/12193","targetHints":{"allow":["GET"]}}],"collection":[{"href":"https:\/\/www.elcapital.pe\/index.php?rest_route=\/wp\/v2\/posts"}],"about":[{"href":"https:\/\/www.elcapital.pe\/index.php?rest_route=\/wp\/v2\/types\/post"}],"author":[{"embeddable":true,"href":"https:\/\/www.elcapital.pe\/index.php?rest_route=\/wp\/v2\/users\/1"}],"replies":[{"embeddable":true,"href":"https:\/\/www.elcapital.pe\/index.php?rest_route=%2Fwp%2Fv2%2Fcomments&post=12193"}],"version-history":[{"count":1,"href":"https:\/\/www.elcapital.pe\/index.php?rest_route=\/wp\/v2\/posts\/12193\/revisions"}],"predecessor-version":[{"id":12195,"href":"https:\/\/www.elcapital.pe\/index.php?rest_route=\/wp\/v2\/posts\/12193\/revisions\/12195"}],"wp:featuredmedia":[{"embeddable":true,"href":"https:\/\/www.elcapital.pe\/index.php?rest_route=\/wp\/v2\/media\/12194"}],"wp:attachment":[{"href":"https:\/\/www.elcapital.pe\/index.php?rest_route=%2Fwp%2Fv2%2Fmedia&parent=12193"}],"wp:term":[{"taxonomy":"category","embeddable":true,"href":"https:\/\/www.elcapital.pe\/index.php?rest_route=%2Fwp%2Fv2%2Fcategories&post=12193"},{"taxonomy":"post_tag","embeddable":true,"href":"https:\/\/www.elcapital.pe\/index.php?rest_route=%2Fwp%2Fv2%2Ftags&post=12193"}],"curies":[{"name":"wp","href":"https:\/\/api.w.org\/{rel}","templated":true}]}}