{"id":12187,"date":"2026-02-11T21:06:59","date_gmt":"2026-02-12T02:06:59","guid":{"rendered":"http:\/\/www.elcapital.pe\/?p=12187"},"modified":"2026-02-11T21:06:59","modified_gmt":"2026-02-12T02:06:59","slug":"congresistas-reunen-firmas-para-convocar-pleno-extraordinario-que-sigue-para-debatir-la-vacancia-de-jose-jeri","status":"publish","type":"post","link":"https:\/\/www.elcapital.pe\/?p=12187","title":{"rendered":"CONGRESISTAS REUNEN FIRMAS PARA CONVOCAR PLENO EXTRAORDINARIO: \u00bfQUE SIGUE PARA DEBATIR LA VACANCIA DE JOSE JERI?\u00a0\u00a0"},"content":{"rendered":"\n<p>Con el respaldo de las bancadas de Alianza para el Progreso (APP) y Podemos Per\u00fa, el pedido para convocar a un Pleno Extraordinario del Congreso super\u00f3 las 78 firmas requeridas, el m\u00ednimo reglamentario para formalizar la solicitud ante la Presidencia del Parlamento. El titular del Legislativo, sin embargo, ha expresado p\u00fablicamente su desacuerdo con una eventual salida del jefe de Estado.<\/p>\n\n\n\n<p>Los legisladores de ambas agrupaciones confirmaron su adhesi\u00f3n a la convocatoria con el fin de debatir la permanencia de Jos\u00e9 Jer\u00ed como presidente interino de la Rep\u00fablica. Al superar las tres quintas partes del n\u00famero legal de congresistas \u2014tal como establece el art\u00edculo 50 del Reglamento del Congreso\u2014 se cumple el requisito para activar este mecanismo excepcional.<\/p>\n\n\n\n<p>A trav\u00e9s de un comunicado, Alianza para el Progreso se\u00f1al\u00f3 que la decisi\u00f3n fue adoptada tras evaluar los hechos y conductas p\u00fablicas atribuidas a Jer\u00ed en el ejercicio de la Presidencia. El vocero de la bancada, Eduardo Salhuana, sostuvo que \u201cestos hechos deben ser debatidos amplia y p\u00fablicamente en el Congreso de la Rep\u00fablica, por ser de inter\u00e9s nacional\u201d.<\/p>\n\n\n\n<p>Por su parte, el l\u00edder de Podemos Per\u00fa, Jos\u00e9 Luna G\u00e1lvez, indic\u00f3 que se suma al pedido luego de haber solicitado la renuncia del mandatario sin obtener respuesta. \u201cEspero que esta semana se complete la recolecci\u00f3n de firmas y se convoque a un Pleno Extraordinario que decida conforme a lo que corresponda\u201d, declar\u00f3.<\/p>\n\n\n\n<p>\u00bfQu\u00e9 sigue en el procedimiento?<\/p>\n\n\n\n<p>Una vez reunidas las 78 firmas, la solicitud debe presentarse formalmente por escrito, especificando los temas a tratar. El presidente del Congreso tiene un plazo m\u00e1ximo de quince d\u00edas para convocar al Pleno Extraordinario.<\/p>\n\n\n\n<p>Si el titular del Parlamento no realiza la convocatoria dentro del plazo establecido, la atribuci\u00f3n recae sucesivamente en los vicepresidentes y, en \u00faltima instancia, en el Oficial Mayor del Congreso.<\/p>\n\n\n\n<p>Aunque durante el receso parlamentario solo sesiona la Comisi\u00f3n Permanente, este mecanismo obliga a convocar a los 130 congresistas para tratar exclusivamente los asuntos consignados en la solicitud.<\/p>\n\n\n\n<p>Hasta el momento, el \u00fanico punto planteado en la agenda es la moci\u00f3n de vacancia contra Jos\u00e9 Jer\u00ed. Si bien existen tambi\u00e9n mociones de censura en tr\u00e1mite, el presidente del Congreso, Fernando Rospigliosi, ha se\u00f1alado que la vacancia ser\u00eda la v\u00eda constitucional adecuada para poner fin al mandato, dado el cargo que ocupa y la naturaleza de los hechos cuestionados.<\/p>\n\n\n\n<p>\u00bfExisten los votos necesarios?<\/p>\n\n\n\n<p>El proceso de vacancia presidencial requiere, en primer lugar, la firma de al menos el 20 % del n\u00famero legal de congresistas para presentar la moci\u00f3n. Para su admisi\u00f3n a debate, se necesita el voto favorable de, como m\u00ednimo, el 40 % de los congresistas h\u00e1biles en la sesi\u00f3n siguiente a su presentaci\u00f3n.<\/p>\n\n\n\n<p>Si la moci\u00f3n es admitida, el Pleno debe fijar d\u00eda y hora para el debate y la votaci\u00f3n, que se realizar\u00e1 entre el tercer y el d\u00e9cimo d\u00eda posterior a la admisi\u00f3n, salvo que cuatro quintas partes del Congreso acuerden un plazo menor.<\/p>\n\n\n\n<p>Durante la sesi\u00f3n, el presidente de la Rep\u00fablica puede ejercer su defensa personalmente o a trav\u00e9s de un abogado, por un tiempo m\u00e1ximo de 60 minutos. Para que la vacancia sea aprobada, se requiere el voto favorable de dos tercios del n\u00famero legal de congresistas, es decir, 87 votos.<\/p>\n\n\n\n<p>Actualmente, la moci\u00f3n de vacancia contra Jos\u00e9 Jer\u00ed cuenta con el respaldo expl\u00edcito de 29 parlamentarios de Per\u00fa Libre, la Bancada Socialista, Juntos por el Per\u00fa &#8211; Voces del Pueblo &#8211; Bloque Magisterial, el Bloque Democr\u00e1tico Popular, algunos legisladores no agrupados y representantes de Podemos Per\u00fa. Con ese n\u00famero, a\u00fan no se alcanzan los votos necesarios para concretar la vacancia.<\/p>\n","protected":false},"excerpt":{"rendered":"<p>Con el respaldo de las bancadas de Alianza para el Progreso (APP) y Podemos Per\u00fa, el pedido para convocar a un Pleno Extraordinario del Congreso super\u00f3 las 78 firmas requeridas, el m\u00ednimo reglamentario para formalizar la solicitud ante la Presidencia del Parlamento. El titular del Legislativo, sin embargo, ha expresado p\u00fablicamente su desacuerdo con una [&hellip;]<\/p>\n","protected":false},"author":1,"featured_media":12188,"comment_status":"open","ping_status":"open","sticky":false,"template":"","format":"standard","meta":{"footnotes":""},"categories":[2],"tags":[],"class_list":["post-12187","post","type-post","status-publish","format-standard","has-post-thumbnail","hentry","category-actualidad"],"_links":{"self":[{"href":"https:\/\/www.elcapital.pe\/index.php?rest_route=\/wp\/v2\/posts\/12187","targetHints":{"allow":["GET"]}}],"collection":[{"href":"https:\/\/www.elcapital.pe\/index.php?rest_route=\/wp\/v2\/posts"}],"about":[{"href":"https:\/\/www.elcapital.pe\/index.php?rest_route=\/wp\/v2\/types\/post"}],"author":[{"embeddable":true,"href":"https:\/\/www.elcapital.pe\/index.php?rest_route=\/wp\/v2\/users\/1"}],"replies":[{"embeddable":true,"href":"https:\/\/www.elcapital.pe\/index.php?rest_route=%2Fwp%2Fv2%2Fcomments&post=12187"}],"version-history":[{"count":1,"href":"https:\/\/www.elcapital.pe\/index.php?rest_route=\/wp\/v2\/posts\/12187\/revisions"}],"predecessor-version":[{"id":12189,"href":"https:\/\/www.elcapital.pe\/index.php?rest_route=\/wp\/v2\/posts\/12187\/revisions\/12189"}],"wp:featuredmedia":[{"embeddable":true,"href":"https:\/\/www.elcapital.pe\/index.php?rest_route=\/wp\/v2\/media\/12188"}],"wp:attachment":[{"href":"https:\/\/www.elcapital.pe\/index.php?rest_route=%2Fwp%2Fv2%2Fmedia&parent=12187"}],"wp:term":[{"taxonomy":"category","embeddable":true,"href":"https:\/\/www.elcapital.pe\/index.php?rest_route=%2Fwp%2Fv2%2Fcategories&post=12187"},{"taxonomy":"post_tag","embeddable":true,"href":"https:\/\/www.elcapital.pe\/index.php?rest_route=%2Fwp%2Fv2%2Ftags&post=12187"}],"curies":[{"name":"wp","href":"https:\/\/api.w.org\/{rel}","templated":true}]}}