{"id":10945,"date":"2025-11-26T21:03:52","date_gmt":"2025-11-27T02:03:52","guid":{"rendered":"https:\/\/www.elcapital.pe\/?p=10945"},"modified":"2025-11-26T21:03:52","modified_gmt":"2025-11-27T02:03:52","slug":"conoce-el-proyecto-de-kuna-que-convirtio-el-rescate-de-la-vicuna-en-un-caso-de-exito-peruano","status":"publish","type":"post","link":"https:\/\/www.elcapital.pe\/?p=10945","title":{"rendered":"CONOCE EL PROYECTO DE KUNA QUE CONVIRTIO EL RESCATE DE LA VICU\u00d1A EN UN CASO DE \u00c9XITO PERUANO\u00a0\u00a0"},"content":{"rendered":"\n<p>\u25cf&nbsp;&nbsp;&nbsp;&nbsp;&nbsp;&nbsp;&nbsp;&nbsp;&nbsp;&nbsp;&nbsp;&nbsp; Gracias a esta gesti\u00f3n responsable e innovadora, la iniciativa fue reconocida en la gala de Creatividad Empresarial 2025 de la UPC, donde obtuvo un galard\u00f3n en la categor\u00eda de Impacto Ambiental, que respalda su impacto en el pa\u00eds.<\/p>\n\n\n\n<p>\u25cf&nbsp;&nbsp;&nbsp;&nbsp;&nbsp;&nbsp;&nbsp;&nbsp;&nbsp;&nbsp;&nbsp;&nbsp; La conservaci\u00f3n de la vicu\u00f1a muestra el valor del trabajo comunitario y las pr\u00e1cticas ancestrales que mantienen vivo este patrimonio natural.<\/p>\n\n\n\n<p>El Per\u00fa dedica este mes a la conmemoraci\u00f3n del D\u00eda Internacional de la Vicu\u00f1a, una fecha que celebra a uno de los s\u00edmbolos naturales m\u00e1s valiosos del pa\u00eds. Reconocida como el \u201coro de los Andes\u201d, esta especie destaca no solo por la finura excepcional de su fibra, sino tambi\u00e9n por la historia, tradici\u00f3n y sostenibilidad que la acompa\u00f1an desde tiempos ancestrales.<\/p>\n\n\n\n<p>Conservaci\u00f3n y t\u00e9cnica ancestral<\/p>\n\n\n\n<p>Esa misma riqueza cultural y natural impulsa hoy iniciativas comprometidas con la conservaci\u00f3n de la vicu\u00f1a y el aprovechamiento responsable de su fibra. La obtenci\u00f3n de este recurso se realiza mediante el chaccu, una t\u00e9cnica ancestral en la que las comunidades altoandinas capturan temporalmente a las vicu\u00f1as para su esquila en vivo y posterior liberaci\u00f3n.<\/p>\n\n\n\n<p>En este marco, INCALPACA, casa matriz de KUNA, integra este saber tradicional con pr\u00e1cticas modernas de sostenibilidad, garantizando una obtenci\u00f3n responsable, protegiendo el bienestar de los cam\u00e9lidos sudamericanos y reconociendo el rol fundamental de las comunidades que han preservado este conocimiento por generaciones.<\/p>\n\n\n\n<p>\u201cPara nosotros, el D\u00eda Internacional de la Vicu\u00f1a es una oportunidad para destacar el valor de esta especie y el compromiso que existe detr\u00e1s de cada etapa de su conservaci\u00f3n. En KUNA trabajamos de la mano con las comunidades altoandinas para asegurar que la fibra de vicu\u00f1a se obtenga respetando su ciclo natural y promoviendo pr\u00e1cticas que preserven este patrimonio vivo. Ese enfoque nos permite transformar la fibra de principio a fin en suelo peruano, un proceso que refleja nuestra apuesta por la sostenibilidad y el desarrollo local\u201d, se\u00f1al\u00f3 Diego Saca, Director de Marketing de Incalpaca.<\/p>\n\n\n\n<p>Un manejo sostenible que impulsa el desarrollo local<\/p>\n\n\n\n<p>Este enfoque sostenible y comunitario ha sido recientemente reconocido en Creatividad Empresarial, el premio de la UPC que destaca las innovaciones que aportan al desarrollo del pa\u00eds. En esta edici\u00f3n, KUNA recibi\u00f3 el galard\u00f3n en la categor\u00eda Impacto Ambiental por el proyecto \u201cVicu\u00f1a: El rescate de una especie\u201d, una iniciativa que ha contribuido significativamente a la recuperaci\u00f3n de la poblaci\u00f3n de vicu\u00f1as y al bienestar de las comunidades altoandinas.<\/p>\n\n\n\n<p>Este trabajo conjunto no solo protege a la vicu\u00f1a, sino que tambi\u00e9n genera un impacto directo en quienes participan de su manejo. Gracias a una gesti\u00f3n sostenible que permiti\u00f3 que la poblaci\u00f3n de la especie creciera de cerca de 5,000 a m\u00e1s de 280,000 ejemplares, esta actividad se ha consolidado como un motor de desarrollo para numerosas familias, al mismo tiempo que refuerza la identidad cultural y mantiene vivas tradiciones que han acompa\u00f1ado al pa\u00eds por siglos.<\/p>\n\n\n\n<p>Este mes nos recuerda que proteger la vida silvestre no solo implica conservar un s\u00edmbolo del Per\u00fa, sino tambi\u00e9n valorar el esfuerzo que permite transformar esta fibra excepcional en piezas \u00fanicas. KUNA presenta al p\u00fablico colecciones elaboradas con los m\u00e1s altos est\u00e1ndares de calidad y sostenibilidad, reafirmando su compromiso con la conservaci\u00f3n y el desarrollo local. Estas prendas est\u00e1n disponibles en sus puntos de venta f\u00edsicos y a trav\u00e9s de su tienda online: https:\/\/pe.kunastores.com\/.<\/p>\n","protected":false},"excerpt":{"rendered":"<p>\u25cf&nbsp;&nbsp;&nbsp;&nbsp;&nbsp;&nbsp;&nbsp;&nbsp;&nbsp;&nbsp;&nbsp;&nbsp; Gracias a esta gesti\u00f3n responsable e innovadora, la iniciativa fue reconocida en la gala de Creatividad Empresarial 2025 de la UPC, donde obtuvo un galard\u00f3n en la categor\u00eda de Impacto Ambiental, que respalda su impacto en el pa\u00eds. \u25cf&nbsp;&nbsp;&nbsp;&nbsp;&nbsp;&nbsp;&nbsp;&nbsp;&nbsp;&nbsp;&nbsp;&nbsp; La conservaci\u00f3n de la vicu\u00f1a muestra el valor del trabajo comunitario y las pr\u00e1cticas ancestrales [&hellip;]<\/p>\n","protected":false},"author":1,"featured_media":10946,"comment_status":"open","ping_status":"open","sticky":false,"template":"","format":"standard","meta":{"footnotes":""},"categories":[4],"tags":[],"class_list":["post-10945","post","type-post","status-publish","format-standard","has-post-thumbnail","hentry","category-negocios"],"_links":{"self":[{"href":"https:\/\/www.elcapital.pe\/index.php?rest_route=\/wp\/v2\/posts\/10945","targetHints":{"allow":["GET"]}}],"collection":[{"href":"https:\/\/www.elcapital.pe\/index.php?rest_route=\/wp\/v2\/posts"}],"about":[{"href":"https:\/\/www.elcapital.pe\/index.php?rest_route=\/wp\/v2\/types\/post"}],"author":[{"embeddable":true,"href":"https:\/\/www.elcapital.pe\/index.php?rest_route=\/wp\/v2\/users\/1"}],"replies":[{"embeddable":true,"href":"https:\/\/www.elcapital.pe\/index.php?rest_route=%2Fwp%2Fv2%2Fcomments&post=10945"}],"version-history":[{"count":1,"href":"https:\/\/www.elcapital.pe\/index.php?rest_route=\/wp\/v2\/posts\/10945\/revisions"}],"predecessor-version":[{"id":10947,"href":"https:\/\/www.elcapital.pe\/index.php?rest_route=\/wp\/v2\/posts\/10945\/revisions\/10947"}],"wp:featuredmedia":[{"embeddable":true,"href":"https:\/\/www.elcapital.pe\/index.php?rest_route=\/wp\/v2\/media\/10946"}],"wp:attachment":[{"href":"https:\/\/www.elcapital.pe\/index.php?rest_route=%2Fwp%2Fv2%2Fmedia&parent=10945"}],"wp:term":[{"taxonomy":"category","embeddable":true,"href":"https:\/\/www.elcapital.pe\/index.php?rest_route=%2Fwp%2Fv2%2Fcategories&post=10945"},{"taxonomy":"post_tag","embeddable":true,"href":"https:\/\/www.elcapital.pe\/index.php?rest_route=%2Fwp%2Fv2%2Ftags&post=10945"}],"curies":[{"name":"wp","href":"https:\/\/api.w.org\/{rel}","templated":true}]}}