{"id":10651,"date":"2025-11-12T21:22:23","date_gmt":"2025-11-13T02:22:23","guid":{"rendered":"https:\/\/www.elcapital.pe\/?p=10651"},"modified":"2025-11-12T22:27:37","modified_gmt":"2025-11-13T03:27:37","slug":"conoce-kuna-eexpressions-la-colaboracion-con-fito-espinosa-que-celebra-el-color-y-la-identidad-peruana","status":"publish","type":"post","link":"https:\/\/www.elcapital.pe\/?p=10651","title":{"rendered":"CONOCE KUNA EXPRESSIONS, LA COLABORACION CON FITO ESPINOSA QUE CELEBRA EL COLOR Y LA IDENTIDAD PERUANA"},"content":{"rendered":"\n<p>\u2022&nbsp;&nbsp;&nbsp;&nbsp;&nbsp;&nbsp;&nbsp;&nbsp;&nbsp;&nbsp;&nbsp;&nbsp; KUNA expande su esp\u00edritu creativo con una propuesta que transforma la fibra andina en un lienzo de arte contempor\u00e1neo.<\/p>\n\n\n\n<p>Una explosi\u00f3n de tonos vibrantes y delicadas texturas da vida a la nueva edici\u00f3n de Kuna Expressions, esta vez creada por Kuna en colaboraci\u00f3n con el artista peruano Fito Espinosa. La propuesta une el arte y la moda en piezas que expresan sensibilidad, creatividad y un profundo sentido est\u00e9tico.<\/p>\n\n\n\n<p>Esta colaboraci\u00f3n re\u00fane ocho estolas inspiradas en obras originales de Fito, creadas entre 2009 y 2023, reinterpretadas para trasladar su lenguaje pict\u00f3rico al universo textil. Cada una refleja la uni\u00f3n entre arte y t\u00e9cnica, donde las ilustraciones del artista cobran nueva vida en las suaves fibras de alpaca, transmitiendo emoci\u00f3n, movimiento y una belleza atemporal.<\/p>\n\n\n\n<p>La historia detr\u00e1s de la colaboraci\u00f3n<\/p>\n\n\n\n<p>El proyecto nace de una visi\u00f3n compartida entre Kuna y Fito Espinosa, impulsada por el deseo de rendir homenaje a la riqueza cultural del pa\u00eds y promover un lujo consciente en di\u00e1logo con la sostenibilidad, la tradici\u00f3n y el prop\u00f3sito.<\/p>\n\n\n\n<p>\u201cPara m\u00ed, esta colaboraci\u00f3n representa una forma de extender mi obra m\u00e1s all\u00e1 del lienzo. Las fibras naturales se convierten en un soporte vivo que respira, se mueve y acompa\u00f1a a quien la lleva. Cada estola es una invitaci\u00f3n a reconectarse con las emociones, con lo esencial y con la belleza que habita en lo cotidiano\u201d, expres\u00f3 el artista.<\/p>\n\n\n\n<p>El proceso creativo dio origen a una paleta c\u00e1lida, con dise\u00f1os inspiradores y mensajes positivos que reflejan la sensibilidad del artista y la maestr\u00eda de los artesanos de Kuna. Cada pieza fue elaborada con precisi\u00f3n, respetando los trazos originales y exaltando la nobleza de las fibras naturales.<\/p>\n\n\n\n<p>\u201cLa colecci\u00f3n combina baby alpaca y seda, dos materiales que representan lo mejor de nuestra herencia textil. Gracias a un proceso de impresi\u00f3n digital, logramos reproducir con fidelidad los matices y detalles de las obras de Fito sobre las estolas, manteniendo la suavidad, la ca\u00edda y el brillo natural caracter\u00edsticos de KUNA\u201d, precis\u00f3 Diego Saca, director de marketing de Kuna.<\/p>\n\n\n\n<p>M\u00e1s all\u00e1 de su valor est\u00e9tico, esta colaboraci\u00f3n celebra el encuentro entre arte y tradici\u00f3n. Mientras Kuna preserva t\u00e9cnicas ancestrales transmitidas por generaciones de artesanos peruanos, Fito reinterpreta s\u00edmbolos culturales desde su universo po\u00e9tico. Juntos, transforman la fibra en arte port\u00e1til, creando piezas que unen la herencia andina con una visi\u00f3n contempor\u00e1nea del arte.<\/p>\n\n\n\n<p>\u00bfD\u00f3nde encontrar esta colaboraci\u00f3n?<\/p>\n\n\n\n<p>La colaboraci\u00f3n ya se encuentra disponible para todo el p\u00fablico. Si deseas adquirir alguna de las prendas, puedes encontrarlas en la web oficial de Kuna (pe.kunastores.com) o en cualquiera de sus tiendas a nivel nacional.<\/p>\n","protected":false},"excerpt":{"rendered":"<p>\u2022&nbsp;&nbsp;&nbsp;&nbsp;&nbsp;&nbsp;&nbsp;&nbsp;&nbsp;&nbsp;&nbsp;&nbsp; KUNA expande su esp\u00edritu creativo con una propuesta que transforma la fibra andina en un lienzo de arte contempor\u00e1neo. Una explosi\u00f3n de tonos vibrantes y delicadas texturas da vida a la nueva edici\u00f3n de Kuna Expressions, esta vez creada por Kuna en colaboraci\u00f3n con el artista peruano Fito Espinosa. La propuesta une el arte [&hellip;]<\/p>\n","protected":false},"author":1,"featured_media":10652,"comment_status":"open","ping_status":"open","sticky":false,"template":"","format":"standard","meta":{"footnotes":""},"categories":[4],"tags":[],"class_list":["post-10651","post","type-post","status-publish","format-standard","has-post-thumbnail","hentry","category-negocios"],"_links":{"self":[{"href":"https:\/\/www.elcapital.pe\/index.php?rest_route=\/wp\/v2\/posts\/10651","targetHints":{"allow":["GET"]}}],"collection":[{"href":"https:\/\/www.elcapital.pe\/index.php?rest_route=\/wp\/v2\/posts"}],"about":[{"href":"https:\/\/www.elcapital.pe\/index.php?rest_route=\/wp\/v2\/types\/post"}],"author":[{"embeddable":true,"href":"https:\/\/www.elcapital.pe\/index.php?rest_route=\/wp\/v2\/users\/1"}],"replies":[{"embeddable":true,"href":"https:\/\/www.elcapital.pe\/index.php?rest_route=%2Fwp%2Fv2%2Fcomments&post=10651"}],"version-history":[{"count":2,"href":"https:\/\/www.elcapital.pe\/index.php?rest_route=\/wp\/v2\/posts\/10651\/revisions"}],"predecessor-version":[{"id":10671,"href":"https:\/\/www.elcapital.pe\/index.php?rest_route=\/wp\/v2\/posts\/10651\/revisions\/10671"}],"wp:featuredmedia":[{"embeddable":true,"href":"https:\/\/www.elcapital.pe\/index.php?rest_route=\/wp\/v2\/media\/10652"}],"wp:attachment":[{"href":"https:\/\/www.elcapital.pe\/index.php?rest_route=%2Fwp%2Fv2%2Fmedia&parent=10651"}],"wp:term":[{"taxonomy":"category","embeddable":true,"href":"https:\/\/www.elcapital.pe\/index.php?rest_route=%2Fwp%2Fv2%2Fcategories&post=10651"},{"taxonomy":"post_tag","embeddable":true,"href":"https:\/\/www.elcapital.pe\/index.php?rest_route=%2Fwp%2Fv2%2Ftags&post=10651"}],"curies":[{"name":"wp","href":"https:\/\/api.w.org\/{rel}","templated":true}]}}