{"id":10643,"date":"2025-11-12T21:02:54","date_gmt":"2025-11-13T02:02:54","guid":{"rendered":"https:\/\/www.elcapital.pe\/?p=10643"},"modified":"2025-11-12T21:02:54","modified_gmt":"2025-11-13T02:02:54","slug":"inscribete-ya-pedidos-ya-impulsa-el-talento-sin-barreras-con-curso-gratuito-para-personas-con-discapacidad","status":"publish","type":"post","link":"https:\/\/www.elcapital.pe\/?p=10643","title":{"rendered":"\u00a1INSCRIBETE YA! PEDIDOS YA\u00a0 IMPULSA EL TALENTO SIN BARRERAS CON CURSO GRATUITO PARA PERSONAS CON DISCAPACIDAD\u00a0"},"content":{"rendered":"\n<p>La compa\u00f1\u00eda realizar\u00e1 una nueva edici\u00f3n de PickersIn, programa que busca mejorar la empleabilidad de personas con discapacidad.<\/p>\n\n\n\n<p>[Lima, noviembre de 2025]. PedidosYa, la compa\u00f1\u00eda de tecnolog\u00eda l\u00edder en delivery y quick commerce de Latinoam\u00e9rica, anuncia una nueva edici\u00f3n de su programa \u201cPickersIn\u201d, en alianza con la Asociaci\u00f3n CAPAZ, con el objetivo de impulsar la inclusi\u00f3n laboral de personas con discapacidad y brindarles herramientas para desarrollar una carrera en el \u00e1mbito log\u00edstico.<\/p>\n\n\n\n<p>El curso, titulado \u201cPickersIn: habilidades en almac\u00e9n y log\u00edstica\u201d, est\u00e1 dirigido a personas con discapacidad registradas en CONADIS y se realizar\u00e1 los d\u00edas 4 y 5 de diciembre. Durante dos jornadas presenciales en el distrito de Miraflores. Los participantes recibir\u00e1n capacitaciones te\u00f3rico-pr\u00e1cticas orientadas a fortalecer su empleabilidad en el sector log\u00edstico y retail. Adem\u00e1s, podr\u00e1n adquirir competencias relacionadas con el trabajo de reposici\u00f3n y procesos log\u00edsticos en tienda, o como se les conocen en PedidosYa: picker, una de las posiciones clave en PedidosYa Market, el supermercado digital de la aplicaci\u00f3n.<\/p>\n\n\n\n<p>La formaci\u00f3n incluir\u00e1 contenidos sobre gesti\u00f3n de tareas en contextos de alta demanda, manejo de dispositivos m\u00f3viles y aplicaciones, y procesos operativos de almac\u00e9n, entre otros. Los requisitos para postular son tener secundaria completa, autonom\u00eda y agilidad para el trabajo operativo y competencia b\u00e1sica en el uso de tecnolog\u00eda.<\/p>\n\n\n\n<p>\u201cPickersIn es la iniciativa que desarrollamos para impulsar e incrementar la participaci\u00f3n laboral de personas con discapacidad en el Per\u00fa. En esta segunda edici\u00f3n, adem\u00e1s, esperamos ampliar la base de interesados para que hagan parte del curso y podamos seguir contando con su talento\u201d, destac\u00f3 Alejandra Kisic, gerente de Gesti\u00f3n Humana de PedidosYa en Per\u00fa.<\/p>\n\n\n\n<p>Al finalizar el curso, los participantes recibir\u00e1n un certificado de participaci\u00f3n, que podr\u00e1n sumar a su curr\u00edculum para ampliar sus oportunidades laborales. Adem\u00e1s, el programa busca facilitar la incorporaci\u00f3n de un grupo de egresados a PedidosYa Market, aline\u00e1ndose con los compromisos de diversidad e inclusi\u00f3n que la compa\u00f1\u00eda impulsa a nivel regional.<\/p>\n\n\n\n<p>El siguiente video presenta los testimonios de Graciela C\u00e1rdenas y Pepe Dante Torres, quienes, tras completar el programa de capacitaci\u00f3n Pickers In, fueron contratados por PedidosYa Market para desempe\u00f1arse como pickers:<\/p>\n\n\n\n<p><a href=\"https:\/\/drive.google.com\/file\/d\/101T-Gr7jlbASEFe_h4mJwq6U-fyCroX8\/view?usp=sharing\">https:\/\/drive.google.com\/file\/d\/101T-Gr7jlbASEFe_h4mJwq6U-fyCroX8\/view?usp=sharing<\/a><\/p>\n\n\n\n<p>CAPAZ, organizaci\u00f3n aliada en este proyecto, se encargar\u00e1 de implementar y acompa\u00f1ar el proceso formativo, brindando soporte especializado y herramientas que potencien la empleabilidad de las personas con discapacidad.<\/p>\n\n\n\n<p>Las personas interesadas en participar pueden comunicarse con CAPAZ a trav\u00e9s de sus redes sociales (@capazperu) o escribiendo al siguiente correo hasta el 24 de noviembre: contacto@capaz.org.pe<\/p>\n\n\n\n<p>Con esta iniciativa, PedidosYa reafirma su compromiso con la creaci\u00f3n de espacios laborales m\u00e1s inclusivos y equitativos, contribuyendo activamente al desarrollo de una sociedad m\u00e1s justa y diversa.<\/p>\n","protected":false},"excerpt":{"rendered":"<p>La compa\u00f1\u00eda realizar\u00e1 una nueva edici\u00f3n de PickersIn, programa que busca mejorar la empleabilidad de personas con discapacidad. [Lima, noviembre de 2025]. PedidosYa, la compa\u00f1\u00eda de tecnolog\u00eda l\u00edder en delivery y quick commerce de Latinoam\u00e9rica, anuncia una nueva edici\u00f3n de su programa \u201cPickersIn\u201d, en alianza con la Asociaci\u00f3n CAPAZ, con el objetivo de impulsar la [&hellip;]<\/p>\n","protected":false},"author":1,"featured_media":10644,"comment_status":"open","ping_status":"open","sticky":false,"template":"","format":"standard","meta":{"footnotes":""},"categories":[4],"tags":[],"class_list":["post-10643","post","type-post","status-publish","format-standard","has-post-thumbnail","hentry","category-negocios"],"_links":{"self":[{"href":"https:\/\/www.elcapital.pe\/index.php?rest_route=\/wp\/v2\/posts\/10643","targetHints":{"allow":["GET"]}}],"collection":[{"href":"https:\/\/www.elcapital.pe\/index.php?rest_route=\/wp\/v2\/posts"}],"about":[{"href":"https:\/\/www.elcapital.pe\/index.php?rest_route=\/wp\/v2\/types\/post"}],"author":[{"embeddable":true,"href":"https:\/\/www.elcapital.pe\/index.php?rest_route=\/wp\/v2\/users\/1"}],"replies":[{"embeddable":true,"href":"https:\/\/www.elcapital.pe\/index.php?rest_route=%2Fwp%2Fv2%2Fcomments&post=10643"}],"version-history":[{"count":1,"href":"https:\/\/www.elcapital.pe\/index.php?rest_route=\/wp\/v2\/posts\/10643\/revisions"}],"predecessor-version":[{"id":10645,"href":"https:\/\/www.elcapital.pe\/index.php?rest_route=\/wp\/v2\/posts\/10643\/revisions\/10645"}],"wp:featuredmedia":[{"embeddable":true,"href":"https:\/\/www.elcapital.pe\/index.php?rest_route=\/wp\/v2\/media\/10644"}],"wp:attachment":[{"href":"https:\/\/www.elcapital.pe\/index.php?rest_route=%2Fwp%2Fv2%2Fmedia&parent=10643"}],"wp:term":[{"taxonomy":"category","embeddable":true,"href":"https:\/\/www.elcapital.pe\/index.php?rest_route=%2Fwp%2Fv2%2Fcategories&post=10643"},{"taxonomy":"post_tag","embeddable":true,"href":"https:\/\/www.elcapital.pe\/index.php?rest_route=%2Fwp%2Fv2%2Ftags&post=10643"}],"curies":[{"name":"wp","href":"https:\/\/api.w.org\/{rel}","templated":true}]}}