{"id":10634,"date":"2025-11-12T20:47:10","date_gmt":"2025-11-13T01:47:10","guid":{"rendered":"https:\/\/www.elcapital.pe\/?p=10634"},"modified":"2025-11-12T20:47:10","modified_gmt":"2025-11-13T01:47:10","slug":"avianca-anuncia-cambios-en-su-liderazgo-gabriel-oliva-es-nombrado-presidente-del-grupo-avianca","status":"publish","type":"post","link":"https:\/\/www.elcapital.pe\/?p=10634","title":{"rendered":"AVIANCA ANUNCIA CAMBIOS EN SU LIDERAZGO, \u00a0GABRIEL OLIVA ES NOMBRADO PRESIDENTE DEL GRUPO AVIANCA\u00a0"},"content":{"rendered":"\n<p>Bogot\u00e1, Avianca anunci\u00f3 su plan de sucesi\u00f3n para la aerol\u00ednea. Frederico Pedreira dejar\u00e1 su cargo como Chief Executive Officer (CEO) a partir del 28 de febrero de 2026, tras cinco a\u00f1os en la compa\u00f1\u00eda.<\/p>\n\n\n\n<p>Para fortalecer a\u00fan m\u00e1s la estructura de liderazgo de la aerol\u00ednea y garantizar una transici\u00f3n fluida, la Junta Directiva de Avianca aprob\u00f3 la creaci\u00f3n del cargo de Presidente, que ser\u00e1 asumido por Gabriel Oliva de manera inmediata, en paralelo con su rol como Chief Operating Officer (COO). Frederico permanecer\u00e1 como CEO hasta el 28 de febrero para asegurar la total continuidad y alineaci\u00f3n en toda la organizaci\u00f3n.<\/p>\n\n\n\n<p>Desde su llegada a Avianca en 2021 como Chief Operating Officer \u2014y posteriormente como Deputy CEO y luego CEO\u2014 Frederico ha desempe\u00f1ado un papel clave liderando la aerol\u00ednea a trav\u00e9s de una transformaci\u00f3n que fortaleci\u00f3 su posici\u00f3n financiera, optimiz\u00f3 su red y posicion\u00f3 a Avianca como una de las compa\u00f1\u00edas m\u00e1s competitivas y eficientes de la regi\u00f3n, todo mientras reforzaba la misi\u00f3n de la empresa de conectar la regi\u00f3n y hacer que volar sea accesible para todos. Bajo el liderazgo de Frederico, Avianca continu\u00f3 expandiendo su red a m\u00e1s de 160 rutas y 80 destinos, transportando m\u00e1s de 38 millones de pasajeros en 2024 y consolid\u00e1ndose como una aerol\u00ednea m\u00e1s fuerte, eficiente y accesible para los viajeros de Am\u00e9rica Latina.<\/p>\n\n\n\n<p>\u201cLiderar Avianca ha sido un honor extraordinario y todo un viaje\u201d, afirm\u00f3 Pedreira. \u201cEstoy inmensamente orgulloso de lo que nuestro equipo ha logrado juntos y de la compa\u00f1\u00eda en la que nos hemos convertido. Estoy profundamente agradecido por la dedicaci\u00f3n, por creer en nuestro prop\u00f3sito y por hacer de lo ordinario algo extraordinario. Estoy seguro de que, bajo el liderazgo de Gabriel y con el incre\u00edble equipo que tenemos, Avianca seguir\u00e1 creciendo y alcanzando nuevas alturas.\u201d<\/p>\n\n\n\n<p>Adrian Neuhauser, CEO del Grupo Abra, se\u00f1al\u00f3: \u201cSeguimos fortaleciendo el equipo de liderazgo de Avianca, al tiempo que ejecutamos el plan de sucesi\u00f3n dise\u00f1ado para nuestro talento. Quiero agradecer a Fred por su liderazgo y la transformaci\u00f3n que ha impulsado, y dar la bienvenida a Gabriel como Presidente para continuar con este impulso. Estamos seguros de que, en equipo, seguiremos fortaleciendo nuestros indicadores de desempe\u00f1o, as\u00ed como el producto y servicio ofrecidos a nuestros clientes, garantizando que sigan eligi\u00e9ndonos para sus viajes. Avianca entra en esta nueva fase desde una posici\u00f3n de solidez y estabilidad.\u201d<\/p>\n\n\n\n<p>\u201cEn los \u00faltimos a\u00f1os, Fred ha liderado a Avianca a trav\u00e9s de una transformaci\u00f3n extraordinaria, haci\u00e9ndola m\u00e1s eficiente, competitiva y conectada. Su dedicaci\u00f3n y liderazgo han dejado una huella duradera en nuestra compa\u00f1\u00eda y en nuestra gente. Estamos entusiasmados con el futuro que le espera a Avianca y damos una c\u00e1lida bienvenida a Gabriel en su nuevo rol\u201d, coment\u00f3 Roberto Kriete, miembro de la Junta Directiva del Grupo Abra y Chairman de la Junta de Avianca.<\/p>\n\n\n\n<p>Constantino de Oliveira Junior, Presidente Ejecutivo del Consejo de Administraci\u00f3n del Grupo Abra, afirm\u00f3: \u201cFred ha desempe\u00f1ado un papel esencial en la transformaci\u00f3n de Avianca. Deja un legado de resultados, disciplina y prop\u00f3sito que seguir\u00e1 dando forma al futuro de Avianca. Le agradecemos sinceramente sus contribuciones y le deseamos un \u00e9xito continuo en el pr\u00f3ximo cap\u00edtulo de su trayectoria. Estoy encantado de darle la bienvenida a Gabriel como Presidente.\u201d<\/p>\n\n\n\n<p>Gabriel Oliva cuenta con m\u00e1s de 20 a\u00f1os de experiencia en liderazgo, 14 de ellos en la industria de la aviaci\u00f3n. Se uni\u00f3 a Avianca en 2021 como CEO de Avianca Cargo, donde reposicion\u00f3 la unidad de negocio como l\u00edder regional, y posteriormente se convirti\u00f3 en Chief Operating Officer de Avianca. Bajo su liderazgo, y con una visi\u00f3n integrada del negocio de carga y pasajeros, fortaleci\u00f3 la seguridad operacional, la eficiencia y la experiencia del cliente. Antes de unirse a Avianca, Oliva ocup\u00f3 diversos cargos ejecutivos senior en organizaciones multinacionales.<\/p>\n\n\n\n<p>\u201cEstoy muy agradecido, emocionado y motivado por este nombramiento. Junto a los m\u00e1s de 15.000 miembros del equipo Avianca continuaremos fortaleciendo esta compa\u00f1\u00eda, de la mano del grupo Abra, potenciando nuestro liderazgo en la regi\u00f3n y que los pasajeros nos sigan eligiendo. Un especial agradecimiento a Fred por toda su entrega y liderazgo a lo largo de estos a\u00f1os\u201d, afirm\u00f3 Gabriel Oliva, Presidente de Grupo Avianca.<\/p>\n\n\n\n<p>Avianca mantiene su enfoque en la ejecuci\u00f3n de su plan estrat\u00e9gico, la entrega de resultados consistentes y el servicio continuo a millones de viajeros con confiabilidad, eficiencia y calidez.<\/p>\n","protected":false},"excerpt":{"rendered":"<p>Bogot\u00e1, Avianca anunci\u00f3 su plan de sucesi\u00f3n para la aerol\u00ednea. Frederico Pedreira dejar\u00e1 su cargo como Chief Executive Officer (CEO) a partir del 28 de febrero de 2026, tras cinco a\u00f1os en la compa\u00f1\u00eda. Para fortalecer a\u00fan m\u00e1s la estructura de liderazgo de la aerol\u00ednea y garantizar una transici\u00f3n fluida, la Junta Directiva de Avianca [&hellip;]<\/p>\n","protected":false},"author":1,"featured_media":10635,"comment_status":"open","ping_status":"open","sticky":false,"template":"","format":"standard","meta":{"footnotes":""},"categories":[4],"tags":[],"class_list":["post-10634","post","type-post","status-publish","format-standard","has-post-thumbnail","hentry","category-negocios"],"_links":{"self":[{"href":"https:\/\/www.elcapital.pe\/index.php?rest_route=\/wp\/v2\/posts\/10634","targetHints":{"allow":["GET"]}}],"collection":[{"href":"https:\/\/www.elcapital.pe\/index.php?rest_route=\/wp\/v2\/posts"}],"about":[{"href":"https:\/\/www.elcapital.pe\/index.php?rest_route=\/wp\/v2\/types\/post"}],"author":[{"embeddable":true,"href":"https:\/\/www.elcapital.pe\/index.php?rest_route=\/wp\/v2\/users\/1"}],"replies":[{"embeddable":true,"href":"https:\/\/www.elcapital.pe\/index.php?rest_route=%2Fwp%2Fv2%2Fcomments&post=10634"}],"version-history":[{"count":1,"href":"https:\/\/www.elcapital.pe\/index.php?rest_route=\/wp\/v2\/posts\/10634\/revisions"}],"predecessor-version":[{"id":10636,"href":"https:\/\/www.elcapital.pe\/index.php?rest_route=\/wp\/v2\/posts\/10634\/revisions\/10636"}],"wp:featuredmedia":[{"embeddable":true,"href":"https:\/\/www.elcapital.pe\/index.php?rest_route=\/wp\/v2\/media\/10635"}],"wp:attachment":[{"href":"https:\/\/www.elcapital.pe\/index.php?rest_route=%2Fwp%2Fv2%2Fmedia&parent=10634"}],"wp:term":[{"taxonomy":"category","embeddable":true,"href":"https:\/\/www.elcapital.pe\/index.php?rest_route=%2Fwp%2Fv2%2Fcategories&post=10634"},{"taxonomy":"post_tag","embeddable":true,"href":"https:\/\/www.elcapital.pe\/index.php?rest_route=%2Fwp%2Fv2%2Ftags&post=10634"}],"curies":[{"name":"wp","href":"https:\/\/api.w.org\/{rel}","templated":true}]}}