{"id":10516,"date":"2025-11-04T20:38:49","date_gmt":"2025-11-05T01:38:49","guid":{"rendered":"https:\/\/www.elcapital.pe\/?p=10516"},"modified":"2025-11-04T20:38:49","modified_gmt":"2025-11-05T01:38:49","slug":"colegios-en-accion-una-iniciativa-que-convirtio-el-aprendizaje-en-una-poderosa-herramienta-de-cambio","status":"publish","type":"post","link":"https:\/\/www.elcapital.pe\/?p=10516","title":{"rendered":"COLEGIOS EN ACCION, UNA INICIATIVA QUE CONVIRTIO EL APRENDIZAJE EN UNA PODEROSA HERRAMIENTA DE CAMBIO"},"content":{"rendered":"\n<p>ReciFest Lima 2025: Colegios en Acci\u00f3n se hizo realidad gracias al impulso de la Asociaci\u00f3n Rec\u00edclame y sus socios auspiciadores \u2014Coca-Cola Per\u00fa, Arca Continental Lindley, Tetra Pak, Pamolsa e Industrias del Envase\u2014, junto con la Municipalidad de Lima y el respaldo del Ministerio del Ambiente (MINAM). A ellos se sumaron los aliados auspiciadores Softys, Universidad de Lima y Pontificia Universidad Cat\u00f3lica del Per\u00fa.<\/p>\n\n\n\n<p>Gracias a esta uni\u00f3n, durante un mes miles de escolares de Lima Metropolitana pudieron demostrar que la sostenibilidad tambi\u00e9n se aprende con el coraz\u00f3n: reciclando, colaborando, creando y so\u00f1ando con un futuro m\u00e1s limpio y solidario. En total, 88 colegios se sumaron a este gran movimiento que demostr\u00f3 que cada material reciclado puede convertirse en un s\u00edmbolo de cambio.<\/p>\n\n\n\n<p>En esta edici\u00f3n, ReciFest premi\u00f3 no s\u00f3lo la recolecci\u00f3n de residuos de cada instituci\u00f3n educativa, sino tambi\u00e9n el talento y la creatividad de sus participantes. Gracias a este esfuerzo colectivo, se lograron recuperar casi 28 toneladas de materiales reciclables, un resultado que refleja el poder de la colaboraci\u00f3n entre las empresas, el Estado y la comunidad educativa.<\/p>\n\n\n\n<p>Una de las categor\u00edas m\u00e1s esperadas fue la Pasarela Ecomoda, donde m\u00e1s de 250 vestuarios elaborados con materiales reciclados desfilaron ante el p\u00fablico, fusionando arte, innovaci\u00f3n y conciencia ambiental. Todos los materiales recolectados ser\u00e1n entregados a recicladores formalizados de los programas \u201cRecicla\u201d, en coordinaci\u00f3n con las municipalidades distritales, reafirmando el impacto del trabajo conjunto entre estudiantes, familias y autoridades locales.<\/p>\n\n\n\n<p>\u201cEste tipo de experiencias nos recuerdan que la sostenibilidad se construye en comunidad. Gracias al apoyo de los aliados y del Estado, hoy vemos a ni\u00f1os y j\u00f3venes que aprenden, crean y lideran con prop\u00f3sito\u201d, se\u00f1al\u00f3 Fanny Reyes, gerente general de la Asociaci\u00f3n Rec\u00edclame Per\u00fa, durante la ceremonia de clausura realizada en el Anfiteatro del Parque de la Exposici\u00f3n.<\/p>\n\n\n\n<p>De esta manera, Rec\u00edclame reafirma su compromiso con todos los actores de la cadena de reciclaje, apostando por la educaci\u00f3n ambiental, la econom\u00eda circular y el desarrollo sostenible. Porque la sostenibilidad no solo se ense\u00f1a: se vive, se crea y se comparte.<\/p>\n\n\n\n<p>PR\u00d3XIMAS INICIATIVAS<\/p>\n\n\n\n<p>En el marco de su compromiso con la sostenibilidad, la Asociaci\u00f3n Rec\u00edclame se prepara para el VI Simposio Internacional de Reciclaje y Econom\u00eda Circular, el cual se llevar\u00e1 a cabo el jueves&nbsp; 06 de noviembre en el Auditorio de la Pontificia Universidad Cat\u00f3lica del Per\u00fa (PUCP). El encuentro reunir\u00e1 a especialistas del \u00e1mbito p\u00fablico y privado para analizar los principales avances, desaf\u00edos y oportunidades en torno a la econom\u00eda circular, con el objetivo de promover pr\u00e1cticas m\u00e1s sostenibles en los procesos productivos y de consumo. Las inscripciones son limitadas y se realizan a trav\u00e9s del siguiente enlace:<\/p>\n\n\n\n<p><a href=\"https:\/\/docs.google.com\/forms\/d\/1u5qu1S5RRY3VS6F2LMkxk0aAH6fq3eyZ_QKVqLQZY7Q\/edit\">https:\/\/docs.google.com\/forms\/d\/1u5qu1S5RRY3VS6F2LMkxk0aAH6fq3eyZ_QKVqLQZY7Q\/edit<\/a><\/p>\n\n\n\n<p>Rec\u00edclame es una asociaci\u00f3n sin fines de lucro que busca impulsar y acelerar la transici\u00f3n del modelo econ\u00f3mico lineal hacia uno circular, promoviendo la innovaci\u00f3n en los modelos de negocio y la optimizaci\u00f3n de los procesos de reciclaje. La organizaci\u00f3n trabaja de manera articulada con el sector p\u00fablico, la empresa privada, la academia y la sociedad civil, generando informaci\u00f3n, herramientas e iniciativas orientadas a fortalecer la competitividad y el desarrollo sostenible del pa\u00eds.<\/p>\n","protected":false},"excerpt":{"rendered":"<p>ReciFest Lima 2025: Colegios en Acci\u00f3n se hizo realidad gracias al impulso de la Asociaci\u00f3n Rec\u00edclame y sus socios auspiciadores \u2014Coca-Cola Per\u00fa, Arca Continental Lindley, Tetra Pak, Pamolsa e Industrias del Envase\u2014, junto con la Municipalidad de Lima y el respaldo del Ministerio del Ambiente (MINAM). A ellos se sumaron los aliados auspiciadores Softys, Universidad [&hellip;]<\/p>\n","protected":false},"author":1,"featured_media":10517,"comment_status":"open","ping_status":"open","sticky":false,"template":"","format":"standard","meta":{"footnotes":""},"categories":[4],"tags":[],"class_list":["post-10516","post","type-post","status-publish","format-standard","has-post-thumbnail","hentry","category-negocios"],"_links":{"self":[{"href":"https:\/\/www.elcapital.pe\/index.php?rest_route=\/wp\/v2\/posts\/10516","targetHints":{"allow":["GET"]}}],"collection":[{"href":"https:\/\/www.elcapital.pe\/index.php?rest_route=\/wp\/v2\/posts"}],"about":[{"href":"https:\/\/www.elcapital.pe\/index.php?rest_route=\/wp\/v2\/types\/post"}],"author":[{"embeddable":true,"href":"https:\/\/www.elcapital.pe\/index.php?rest_route=\/wp\/v2\/users\/1"}],"replies":[{"embeddable":true,"href":"https:\/\/www.elcapital.pe\/index.php?rest_route=%2Fwp%2Fv2%2Fcomments&post=10516"}],"version-history":[{"count":1,"href":"https:\/\/www.elcapital.pe\/index.php?rest_route=\/wp\/v2\/posts\/10516\/revisions"}],"predecessor-version":[{"id":10518,"href":"https:\/\/www.elcapital.pe\/index.php?rest_route=\/wp\/v2\/posts\/10516\/revisions\/10518"}],"wp:featuredmedia":[{"embeddable":true,"href":"https:\/\/www.elcapital.pe\/index.php?rest_route=\/wp\/v2\/media\/10517"}],"wp:attachment":[{"href":"https:\/\/www.elcapital.pe\/index.php?rest_route=%2Fwp%2Fv2%2Fmedia&parent=10516"}],"wp:term":[{"taxonomy":"category","embeddable":true,"href":"https:\/\/www.elcapital.pe\/index.php?rest_route=%2Fwp%2Fv2%2Fcategories&post=10516"},{"taxonomy":"post_tag","embeddable":true,"href":"https:\/\/www.elcapital.pe\/index.php?rest_route=%2Fwp%2Fv2%2Ftags&post=10516"}],"curies":[{"name":"wp","href":"https:\/\/api.w.org\/{rel}","templated":true}]}}