{"id":9878,"date":"2025-09-22T21:14:28","date_gmt":"2025-09-23T02:14:28","guid":{"rendered":"https:\/\/www.elcapital.pe\/?p=9878"},"modified":"2025-09-22T21:14:28","modified_gmt":"2025-09-23T02:14:28","slug":"la-aviacion-en-el-peru-se-ha-consolidado-como-un-motor-de-desarrollo","status":"publish","type":"post","link":"http:\/\/www.elcapital.pe\/?p=9878","title":{"rendered":"LA AVIACION EN EL PERU SE HA CONSOLIDADO COMO UN MOTOR DE DESARROLLO"},"content":{"rendered":"\n<p>En lo que va del a\u00f1o ya suman 13.8 millones de pasajeros nacionales e internacionales.<\/p>\n\n\n\n<p>Cada 23 de septiembre, en Per\u00fa se celebra el D\u00eda de la Aviaci\u00f3n Nacional, una fecha que recuerda la importancia del transporte a\u00e9reo como motor de conectividad, turismo y desarrollo econ\u00f3mico del pa\u00eds.<\/p>\n\n\n\n<p>En el marco de esta fecha, SKY Airline presenta cuatro cifras que muestran el impacto de la industria aeron\u00e1utica en la vida de los peruanos:<\/p>\n\n\n\n<p>&#8211;&nbsp;&nbsp;&nbsp;&nbsp;&nbsp;&nbsp; 2,3% de impacto al PBI nacional y 364 mil empleos: La conectividad a\u00e9rea tiene gran impacto en la econom\u00eda del pa\u00eds. Seg\u00fan la Asociaci\u00f3n Internacional de Transporte A\u00e9reo (IATA), la cadena de suministro del sector representa el 2,3% del PBI nacional y genera m\u00e1s de 364 mil empleos directos e indirectos.<\/p>\n\n\n\n<p>&#8211;&nbsp;&nbsp;&nbsp;&nbsp;&nbsp;&nbsp; +112% de crecimiento de pasajeros nacionales en los \u00faltimos 10 a\u00f1os: En cifras del Ministerio de Transportes y Comunicaciones, entre 2015 y 2024 se transportaron 113,7 millones de pasajeros en el Per\u00fa, 60 millones m\u00e1s a los registrados en los diez a\u00f1os anteriores.<\/p>\n\n\n\n<p>&#8211;&nbsp;&nbsp;&nbsp;&nbsp;&nbsp;&nbsp; 20.6 millones de pasajeros low cost dentro del pa\u00eds: El giro principal del sector ha sido la incorporaci\u00f3n de un modelo que permite ofrecer precios m\u00e1s convenientes y ha permitido que 20.6 millones de pasajeros que lo han usado, elegir c\u00f3mo quieren viajar y pagar solo por lo que usan. De esta cifra, SKY ha transportado al 60%.<\/p>\n\n\n\n<p>&#8211;&nbsp;&nbsp;&nbsp;&nbsp;&nbsp;&nbsp; 13.8 millones de pasajeros en el 2025: de enero a junio, se registraron 7,799,189 a nivel nacional y 6,010,596 a nivel internacional, cifras que demuestran el impacto que tiene el transporte a\u00e9reo en la vida de las personas.<\/p>\n\n\n\n<p>\u201cLa industria a\u00e9rea tiene la maravillosa misi\u00f3n de acercar personas, acortar brechas de movilizaci\u00f3n, generar desarrollo y dejar divisas al pa\u00eds. En SKY, celebramos el crecimiento exponencial de la industria en la \u00faltima d\u00e9cada y reafirmamos nuestro compromiso con seguir fortaleciendo la conectividad con un modelo accesible, eficiente y sostenible que ya nos ha permitido transportar 12.5 millones de viajeros dentro del pa\u00eds\u201d se\u00f1al\u00f3 Vania C\u00e1ceres, subgerente de Ventas de SKY en Per\u00fa.<\/p>\n\n\n\n<p>Hasta julio del 2025, de acuerdo a cifras oficiales, los destinos m\u00e1s populares en el pa\u00eds han sido Cusco y Arequipa, con alrededor del 14% y 7% de los pasajeros nacionales, respectivamente. En esta misma l\u00ednea, SKY ha registrado un notable crecimiento en sus rutas al sur peruano. En Cusco, traslad\u00f3 a m\u00e1s de 411 mil pasajeros en alrededor de 2,700 vuelos; mientras que en Arequipa se moviliz\u00f3 a m\u00e1s de 222 mil viajeros en m\u00e1s de 1,400 ciclos operados.<\/p>\n\n\n\n<p>Siguiendo con el incremento de la demanda en el sur, Ayacucho recibi\u00f3 cerca de 96 mil pasajeros en aproximadamente 650 vuelos, y&nbsp; Juliaca a m\u00e1s de 126 mil pasajeros en alrededor de 800 ciclos operados. En conjunto, estas ciudades del sur alcanzaron un movimiento superior a 857 mil pasajeros en cerca de 5,600 vuelos<\/p>\n\n\n\n<p>De esta manera, la celebraci\u00f3n del D\u00eda de la Aviaci\u00f3n Nacional no solo permite reconocer el rol estrat\u00e9gico del transporte a\u00e9reo en la econom\u00eda y el turismo, sino tambi\u00e9n valorar c\u00f3mo la conectividad ha transformado la forma en que los peruanos viajan, fortaleciendo el desarrollo regional y aportando al crecimiento del pa\u00eds.<\/p>\n","protected":false},"excerpt":{"rendered":"<p>En lo que va del a\u00f1o ya suman 13.8 millones de pasajeros nacionales e internacionales. Cada 23 de septiembre, en Per\u00fa se celebra el D\u00eda de la Aviaci\u00f3n Nacional, una fecha que recuerda la importancia del transporte a\u00e9reo como motor de conectividad, turismo y desarrollo econ\u00f3mico del pa\u00eds. En el marco de esta fecha, SKY [&hellip;]<\/p>\n","protected":false},"author":1,"featured_media":9879,"comment_status":"open","ping_status":"open","sticky":false,"template":"","format":"standard","meta":{"footnotes":""},"categories":[4],"tags":[],"class_list":["post-9878","post","type-post","status-publish","format-standard","has-post-thumbnail","hentry","category-negocios"],"_links":{"self":[{"href":"http:\/\/www.elcapital.pe\/index.php?rest_route=\/wp\/v2\/posts\/9878","targetHints":{"allow":["GET"]}}],"collection":[{"href":"http:\/\/www.elcapital.pe\/index.php?rest_route=\/wp\/v2\/posts"}],"about":[{"href":"http:\/\/www.elcapital.pe\/index.php?rest_route=\/wp\/v2\/types\/post"}],"author":[{"embeddable":true,"href":"http:\/\/www.elcapital.pe\/index.php?rest_route=\/wp\/v2\/users\/1"}],"replies":[{"embeddable":true,"href":"http:\/\/www.elcapital.pe\/index.php?rest_route=%2Fwp%2Fv2%2Fcomments&post=9878"}],"version-history":[{"count":1,"href":"http:\/\/www.elcapital.pe\/index.php?rest_route=\/wp\/v2\/posts\/9878\/revisions"}],"predecessor-version":[{"id":9880,"href":"http:\/\/www.elcapital.pe\/index.php?rest_route=\/wp\/v2\/posts\/9878\/revisions\/9880"}],"wp:featuredmedia":[{"embeddable":true,"href":"http:\/\/www.elcapital.pe\/index.php?rest_route=\/wp\/v2\/media\/9879"}],"wp:attachment":[{"href":"http:\/\/www.elcapital.pe\/index.php?rest_route=%2Fwp%2Fv2%2Fmedia&parent=9878"}],"wp:term":[{"taxonomy":"category","embeddable":true,"href":"http:\/\/www.elcapital.pe\/index.php?rest_route=%2Fwp%2Fv2%2Fcategories&post=9878"},{"taxonomy":"post_tag","embeddable":true,"href":"http:\/\/www.elcapital.pe\/index.php?rest_route=%2Fwp%2Fv2%2Ftags&post=9878"}],"curies":[{"name":"wp","href":"https:\/\/api.w.org\/{rel}","templated":true}]}}