{"id":9461,"date":"2025-08-29T22:24:47","date_gmt":"2025-08-30T03:24:47","guid":{"rendered":"https:\/\/www.elcapital.pe\/?p=9461"},"modified":"2025-08-29T22:24:47","modified_gmt":"2025-08-30T03:24:47","slug":"brasil-informa-a-ee-uu-sobre-analisis-de-ley-de-reciprocidad-por-aranceles-de-trump","status":"publish","type":"post","link":"http:\/\/www.elcapital.pe\/?p=9461","title":{"rendered":"BRASIL INFORMA A EE.UU. SOBRE ANALISIS DE LEY DE RECIPROCIDAD POR ARANCELES DE TRUMP\u00a0\u00a0"},"content":{"rendered":"\n<p>La Embajada de Brasil en Washington notific\u00f3 este viernes (29.08.2025) al Gobierno de Estados Unidos el inicio de consultas para evaluar la aplicaci\u00f3n de la Ley de Reciprocidad frente al arancel del 50 % impuesto a gran parte de las exportaciones brasile\u00f1as, seg\u00fan confirm\u00f3 el Ministerio de Relaciones Exteriores.<\/p>\n\n\n\n<p>El jueves se activ\u00f3 el plazo de 30 d\u00edas para que la C\u00e1mara de Comercio Exterior de Brasil (Camex) determine si corresponde aplicar medidas de represalia. De prosperar la investigaci\u00f3n, se formar\u00e1 un grupo de trabajo encargado de recomendar contramedidas econ\u00f3micas contra EE.UU., que podr\u00edan incluir aranceles y restricciones en materia de propiedad intelectual. Durante el proceso, Washington podr\u00e1 presentar observaciones.<\/p>\n\n\n\n<p>En una entrevista, el presidente Luiz In\u00e1cio Lula da Silva reiter\u00f3 su disposici\u00f3n a negociar y recalc\u00f3 que no tiene prisa en responder. \u201cEs un proceso un poco demorado, no tengo prisa para aplicar la reciprocidad\u201d, declar\u00f3. El mandatario se\u00f1al\u00f3 adem\u00e1s que, pese a sus intentos, no ha logrado establecer un canal de di\u00e1logo con la Administraci\u00f3n de Donald Trump.<\/p>\n\n\n\n<p>El Gobierno estadounidense justific\u00f3 el arancel, en vigor desde el 6 de agosto, alegando motivos pol\u00edticos relacionados con la situaci\u00f3n judicial del expresidente Jair Bolsonaro, procesado por golpismo ante la Corte Suprema. Brasil, sin embargo, afirm\u00f3 que discutir\u00e1 \u00fanicamente temas comerciales y no aceptar\u00e1 condicionamientos que afecten su soberan\u00eda.<\/p>\n\n\n\n<p>Como parte de su estrategia, el Ejecutivo brasile\u00f1o inici\u00f3 consultas en la Organizaci\u00f3n Mundial del Comercio (OMC) y contrat\u00f3 un bufete de abogados en Estados Unidos para defender sus intereses en el conflicto.<\/p>\n\n\n\n<p>(Con EFE, Reuters)<\/p>\n","protected":false},"excerpt":{"rendered":"<p>La Embajada de Brasil en Washington notific\u00f3 este viernes (29.08.2025) al Gobierno de Estados Unidos el inicio de consultas para evaluar la aplicaci\u00f3n de la Ley de Reciprocidad frente al arancel del 50 % impuesto a gran parte de las exportaciones brasile\u00f1as, seg\u00fan confirm\u00f3 el Ministerio de Relaciones Exteriores. El jueves se activ\u00f3 el plazo [&hellip;]<\/p>\n","protected":false},"author":1,"featured_media":9462,"comment_status":"open","ping_status":"open","sticky":false,"template":"","format":"standard","meta":{"footnotes":""},"categories":[3],"tags":[],"class_list":["post-9461","post","type-post","status-publish","format-standard","has-post-thumbnail","hentry","category-economia"],"_links":{"self":[{"href":"http:\/\/www.elcapital.pe\/index.php?rest_route=\/wp\/v2\/posts\/9461","targetHints":{"allow":["GET"]}}],"collection":[{"href":"http:\/\/www.elcapital.pe\/index.php?rest_route=\/wp\/v2\/posts"}],"about":[{"href":"http:\/\/www.elcapital.pe\/index.php?rest_route=\/wp\/v2\/types\/post"}],"author":[{"embeddable":true,"href":"http:\/\/www.elcapital.pe\/index.php?rest_route=\/wp\/v2\/users\/1"}],"replies":[{"embeddable":true,"href":"http:\/\/www.elcapital.pe\/index.php?rest_route=%2Fwp%2Fv2%2Fcomments&post=9461"}],"version-history":[{"count":1,"href":"http:\/\/www.elcapital.pe\/index.php?rest_route=\/wp\/v2\/posts\/9461\/revisions"}],"predecessor-version":[{"id":9463,"href":"http:\/\/www.elcapital.pe\/index.php?rest_route=\/wp\/v2\/posts\/9461\/revisions\/9463"}],"wp:featuredmedia":[{"embeddable":true,"href":"http:\/\/www.elcapital.pe\/index.php?rest_route=\/wp\/v2\/media\/9462"}],"wp:attachment":[{"href":"http:\/\/www.elcapital.pe\/index.php?rest_route=%2Fwp%2Fv2%2Fmedia&parent=9461"}],"wp:term":[{"taxonomy":"category","embeddable":true,"href":"http:\/\/www.elcapital.pe\/index.php?rest_route=%2Fwp%2Fv2%2Fcategories&post=9461"},{"taxonomy":"post_tag","embeddable":true,"href":"http:\/\/www.elcapital.pe\/index.php?rest_route=%2Fwp%2Fv2%2Ftags&post=9461"}],"curies":[{"name":"wp","href":"https:\/\/api.w.org\/{rel}","templated":true}]}}