{"id":9452,"date":"2025-08-29T22:02:17","date_gmt":"2025-08-30T03:02:17","guid":{"rendered":"https:\/\/www.elcapital.pe\/?p=9452"},"modified":"2025-08-29T22:02:17","modified_gmt":"2025-08-30T03:02:17","slug":"gobierno-garantiza-avance-de-terminal-portuario-de-corio-con-estudios-tecnicos","status":"publish","type":"post","link":"http:\/\/www.elcapital.pe\/?p=9452","title":{"rendered":"GOBIERNO GARANTIZA AVANCE DE TERMINAL PORTUARIO DE CORIO CON ESTUDIOS TECNICOS\u00a0"},"content":{"rendered":"\n<p>Ministro asegur\u00f3 que se respetar\u00e1 el compromiso asumido en el VIII Consejo de Estado Regional<\/p>\n\n\n\n<p>El ministro de Transportes y Comunicaciones, C\u00e9sar Sandoval, inform\u00f3 al gobernador regional de Arequipa, Roh\u00e9l S\u00e1nchez, que se mantendr\u00e1 la suspensi\u00f3n de la viabilidad t\u00e9cnica temporal que hab\u00eda otorgado la APN al proyecto del terminal portuario de Cor\u00edo hasta contar con un an\u00e1lisis de costo-beneficio que eval\u00fae el impacto real de su desarrollo.<\/p>\n\n\n\n<p>Asimismo, se ratific\u00f3 el compromiso de respetar lo acordado en el Consejo de Estado Regional, referido a la suscripci\u00f3n de un convenio interinstitucional entre el Gobierno Regional de Arequipa, el MTC y ProInversi\u00f3n, con miras a convocar a una licitaci\u00f3n acorde a un adecuado estudio de demanda.<\/p>\n\n\n\n<p>La Autoridad Portuaria Nacional (APN) precis\u00f3 que continuar\u00e1 con la suspensi\u00f3n temporal de la viabilidad, recibiendo las propuestas que se presenten y evalu\u00e1ndolas bajo criterios t\u00e9cnicos y de transparencia, a fin de definir el mejor camino para el desarrollo del pa\u00eds.<\/p>\n\n\n\n<p>Per\u00fa busca modernizar cuatro puertos con una inversi\u00f3n de 580 millones de d\u00f3lares<\/p>\n\n\n\n<p>\u201cLa APN es un organismo t\u00e9cnico y conoce perfectamente lo aprobado en el Consejo de Estado Regional. Al escuchar las propuestas, actuar\u00e1 en el marco de la transparencia, manteniendo una l\u00ednea de trabajo t\u00e9cnico. El desarrollo portuario de esta megaobra es fundamental para el progreso del pa\u00eds y de Sudam\u00e9rica\u201d, sostuvo Sandoval Pozo.<\/p>\n\n\n\n<p>En la reuni\u00f3n participaron tambi\u00e9n el secretario general del MTC, el jefe del Gabinete y asesores&nbsp; de la alta direcci\u00f3n del MTC, as\u00ed como funcionarios de APN y del Gobierno Regional de Arequipa.<\/p>\n","protected":false},"excerpt":{"rendered":"<p>Ministro asegur\u00f3 que se respetar\u00e1 el compromiso asumido en el VIII Consejo de Estado Regional El ministro de Transportes y Comunicaciones, C\u00e9sar Sandoval, inform\u00f3 al gobernador regional de Arequipa, Roh\u00e9l S\u00e1nchez, que se mantendr\u00e1 la suspensi\u00f3n de la viabilidad t\u00e9cnica temporal que hab\u00eda otorgado la APN al proyecto del terminal portuario de Cor\u00edo hasta contar [&hellip;]<\/p>\n","protected":false},"author":1,"featured_media":9453,"comment_status":"open","ping_status":"open","sticky":false,"template":"","format":"standard","meta":{"footnotes":""},"categories":[3],"tags":[],"class_list":["post-9452","post","type-post","status-publish","format-standard","has-post-thumbnail","hentry","category-economia"],"_links":{"self":[{"href":"http:\/\/www.elcapital.pe\/index.php?rest_route=\/wp\/v2\/posts\/9452","targetHints":{"allow":["GET"]}}],"collection":[{"href":"http:\/\/www.elcapital.pe\/index.php?rest_route=\/wp\/v2\/posts"}],"about":[{"href":"http:\/\/www.elcapital.pe\/index.php?rest_route=\/wp\/v2\/types\/post"}],"author":[{"embeddable":true,"href":"http:\/\/www.elcapital.pe\/index.php?rest_route=\/wp\/v2\/users\/1"}],"replies":[{"embeddable":true,"href":"http:\/\/www.elcapital.pe\/index.php?rest_route=%2Fwp%2Fv2%2Fcomments&post=9452"}],"version-history":[{"count":1,"href":"http:\/\/www.elcapital.pe\/index.php?rest_route=\/wp\/v2\/posts\/9452\/revisions"}],"predecessor-version":[{"id":9454,"href":"http:\/\/www.elcapital.pe\/index.php?rest_route=\/wp\/v2\/posts\/9452\/revisions\/9454"}],"wp:featuredmedia":[{"embeddable":true,"href":"http:\/\/www.elcapital.pe\/index.php?rest_route=\/wp\/v2\/media\/9453"}],"wp:attachment":[{"href":"http:\/\/www.elcapital.pe\/index.php?rest_route=%2Fwp%2Fv2%2Fmedia&parent=9452"}],"wp:term":[{"taxonomy":"category","embeddable":true,"href":"http:\/\/www.elcapital.pe\/index.php?rest_route=%2Fwp%2Fv2%2Fcategories&post=9452"},{"taxonomy":"post_tag","embeddable":true,"href":"http:\/\/www.elcapital.pe\/index.php?rest_route=%2Fwp%2Fv2%2Ftags&post=9452"}],"curies":[{"name":"wp","href":"https:\/\/api.w.org\/{rel}","templated":true}]}}