{"id":9449,"date":"2025-08-29T21:56:14","date_gmt":"2025-08-30T02:56:14","guid":{"rendered":"https:\/\/www.elcapital.pe\/?p=9449"},"modified":"2025-08-29T21:56:14","modified_gmt":"2025-08-30T02:56:14","slug":"ministerio-de-comercio-exterior-fortalece-lazos-comerciales-con-empresariado-de-chile","status":"publish","type":"post","link":"http:\/\/www.elcapital.pe\/?p=9449","title":{"rendered":"MINISTERIO DE COMERCIO EXTERIOR FORTALECE LAZOS COMERCIALES CON EMPRESARIADO DE CHILE\u00a0"},"content":{"rendered":"\n<p>Ministra Desil\u00fa Le\u00f3n se reuni\u00f3 con el presidente de la C\u00e1mara de Comercio Peruano-Chilena<\/p>\n\n\n\n<p>La ministra de Comercio Exterior y Turismo, Desil\u00fa Le\u00f3n, sostuvo una reuni\u00f3n de trabajo con el presidente del Consejo Directivo de la C\u00e1mara de Comercio Peruano-Chilena, Juan Carlos Fisher, con el objetivo de fortalecer los lazos comerciales entre Per\u00fa y Chile.<\/p>\n\n\n\n<p>Durante el encuentro, se abordaron posibles alianzas estrat\u00e9gicas y mecanismos de cooperaci\u00f3n bilateral, asimismo, se coordin\u00f3 el impulso de iniciativas conjuntas y actividades que favorezcan el desarrollo de ambos mercados. La reuni\u00f3n tambi\u00e9n cont\u00f3 con la presencia de la viceministra de Comercio Exterior, Teresa Mera.<\/p>\n\n\n\n<p>Per\u00fa mantiene vigente un acuerdo de libre comercio con Chile desde el 1 de marzo del 2009, lo que ha consolidado una relaci\u00f3n econ\u00f3mica s\u00f3lida y en expansi\u00f3n.<\/p>\n\n\n\n<p>En el primer semestre del 2025 las exportaciones a ese pa\u00eds alcanzaron los 1,154 millones de d\u00f3lares, lo que representa un incremento de 13% respecto al mismo periodo del a\u00f1o pasado.<\/p>\n\n\n\n<p>De enero a junio del 2025 los env\u00edos a Chile, principalmente de molibdeno, \u00e1cido sulf\u00farico, productos de acero y manteca de cacao, representaron un 3% del total de las exportaciones totales peruanas.<\/p>\n","protected":false},"excerpt":{"rendered":"<p>Ministra Desil\u00fa Le\u00f3n se reuni\u00f3 con el presidente de la C\u00e1mara de Comercio Peruano-Chilena La ministra de Comercio Exterior y Turismo, Desil\u00fa Le\u00f3n, sostuvo una reuni\u00f3n de trabajo con el presidente del Consejo Directivo de la C\u00e1mara de Comercio Peruano-Chilena, Juan Carlos Fisher, con el objetivo de fortalecer los lazos comerciales entre Per\u00fa y Chile. [&hellip;]<\/p>\n","protected":false},"author":1,"featured_media":9450,"comment_status":"open","ping_status":"open","sticky":false,"template":"","format":"standard","meta":{"footnotes":""},"categories":[3],"tags":[],"class_list":["post-9449","post","type-post","status-publish","format-standard","has-post-thumbnail","hentry","category-economia"],"_links":{"self":[{"href":"http:\/\/www.elcapital.pe\/index.php?rest_route=\/wp\/v2\/posts\/9449","targetHints":{"allow":["GET"]}}],"collection":[{"href":"http:\/\/www.elcapital.pe\/index.php?rest_route=\/wp\/v2\/posts"}],"about":[{"href":"http:\/\/www.elcapital.pe\/index.php?rest_route=\/wp\/v2\/types\/post"}],"author":[{"embeddable":true,"href":"http:\/\/www.elcapital.pe\/index.php?rest_route=\/wp\/v2\/users\/1"}],"replies":[{"embeddable":true,"href":"http:\/\/www.elcapital.pe\/index.php?rest_route=%2Fwp%2Fv2%2Fcomments&post=9449"}],"version-history":[{"count":1,"href":"http:\/\/www.elcapital.pe\/index.php?rest_route=\/wp\/v2\/posts\/9449\/revisions"}],"predecessor-version":[{"id":9451,"href":"http:\/\/www.elcapital.pe\/index.php?rest_route=\/wp\/v2\/posts\/9449\/revisions\/9451"}],"wp:featuredmedia":[{"embeddable":true,"href":"http:\/\/www.elcapital.pe\/index.php?rest_route=\/wp\/v2\/media\/9450"}],"wp:attachment":[{"href":"http:\/\/www.elcapital.pe\/index.php?rest_route=%2Fwp%2Fv2%2Fmedia&parent=9449"}],"wp:term":[{"taxonomy":"category","embeddable":true,"href":"http:\/\/www.elcapital.pe\/index.php?rest_route=%2Fwp%2Fv2%2Fcategories&post=9449"},{"taxonomy":"post_tag","embeddable":true,"href":"http:\/\/www.elcapital.pe\/index.php?rest_route=%2Fwp%2Fv2%2Ftags&post=9449"}],"curies":[{"name":"wp","href":"https:\/\/api.w.org\/{rel}","templated":true}]}}