{"id":9304,"date":"2025-08-24T22:15:36","date_gmt":"2025-08-25T03:15:36","guid":{"rendered":"https:\/\/www.elcapital.pe\/?p=9304"},"modified":"2025-08-24T22:15:36","modified_gmt":"2025-08-25T03:15:36","slug":"exportaciones-peruanas-de-maracuya-presentan-mejores-perspectivas","status":"publish","type":"post","link":"http:\/\/www.elcapital.pe\/?p=9304","title":{"rendered":"EXPORTACIONES PERUANAS DE MARACUYA PRESENTAN MEJORES PERSPECTIVAS\u00a0"},"content":{"rendered":"\n<p>Env\u00edos se incrementaron 36% en primer semestre de 2025<\/p>\n\n\n\n<p>Las exportaciones de maracuy\u00e1 entre enero y junio del presente a\u00f1o sumaron 40 millones 12,000 d\u00f3lares, monto mayor en 36% respecto al similar periodo del 2024 (20 millones 411,000 d\u00f3lares), se\u00f1al\u00f3 hoy la gerencia de Agroexportaciones de la Asociaci\u00f3n de Exportadores (Adex).<\/p>\n\n\n\n<p>En ese sentido, el gremio exportador refiri\u00f3 que este resultado \u201cindicar\u00eda una recuperaci\u00f3n\u201d de las exportaciones de este producto, por cuanto el a\u00f1o pasado retrocedieron 10.7%.<\/p>\n\n\n\n<p>Tambi\u00e9n detall\u00f3 que para el primer semestre de 2025, el destino m\u00e1s importante fue Pa\u00edses Bajos (16 millones 608,000 d\u00f3lares), con una participaci\u00f3n de 41.5% y un aumento en sus pedidos de 32.4%.<\/p>\n\n\n\n<p>\u201cEste pa\u00eds es la puerta de entrada a Europa de muchos productos peruanos no tradicionales\u201d, enfatiz\u00f3 Adex.<\/p>\n\n\n\n<p>A Pa\u00edses Bajos, le siguieron los mercados de Estados Unidos (8 millones 131,000 d\u00f3lares), Francia (4 millones 263,000 d\u00f3lares), Chile (3 millones 839,000 d\u00f3lares), Puerto Rico (un mill\u00f3n 97,000 d\u00f3lares) e Italia (un mill\u00f3n 3,000 d\u00f3lares), con variaciones positivas de 39.1%, 65.8%, 67.1%, 58.5% y 60.3%, respectivamente.<\/p>\n\n\n\n<p>La maracuy\u00e1 se export\u00f3 principalmente en jugo (20 millones 442,000 d\u00f3lares), incrementando su demanda en 36% y acumulando el 51.1% del total. Le siguieron las presentaciones de concentrado (11 millones 463,000 d\u00f3lares) con un crecimiento de 28.3% y pulpa (6 millones 391,000 d\u00f3lares), que aument\u00f3 59.7%.&nbsp;<\/p>\n\n\n\n<p>Tambi\u00e9n se export\u00f3 en fresco (494,600 d\u00f3lares), bebida (441,190 d\u00f3lares), Individually Quick Freezing IQF (425,330 d\u00f3lares), aceite (134,080 d\u00f3lares), conserva (127,000 d\u00f3lares), esencia (47,100 d\u00f3lares), aroma (26,830 d\u00f3lares) y n\u00e9ctar (18,810 d\u00f3lares).&nbsp;<\/p>\n\n\n\n<p>Congreso nacional<\/p>\n\n\n\n<p>Con el objetivo de potenciar estos env\u00edos, la Mesa de Frutas para la Industria de Adex y el Instituto Nacional de Innovaci\u00f3n Agraria (INIA) llevar\u00e1n a cabo el \u2018III Congreso Internacional de Pasifloras del Per\u00fa\u2019, que se desarrollar\u00e1 el 28 y 29 de agosto en la Universidad Se\u00f1or de Sip\u00e1n, en la ciudad de Chiclayo, Lambayeque.<\/p>\n\n\n\n<p>En el evento se abordar\u00e1 la situaci\u00f3n actual de la maracuy\u00e1 y sus perspectivas de producci\u00f3n, los grados Brix, el mejoramiento gen\u00e9tico de los cultivos, la optimizaci\u00f3n del manejo nutricional del suelo y otros temas que tienen como finalidad superar los inconvenientes que deben atravesar los productores y empresarios del sector.<\/p>\n\n\n\n<p>Seg\u00fan la nota de inteligencia comercial Maracuy\u00e1: Evoluci\u00f3n del mercado internacional y nacional, del Centro de Investigaci\u00f3n de Econom\u00eda y Negocios Globales CIEN-ADEX, en el 2024 el mercado global de maracuy\u00e1 y otras frutas ex\u00f3ticas alcanz\u00f3 3,875 millones de d\u00f3lares, 9.7% m\u00e1s que el a\u00f1o anterior.<\/p>\n\n\n\n<p>Per\u00fa ubic\u00f3 el puesto 11 entre los proveedores mundiales de estas frutas, en la regi\u00f3n se posicion\u00f3 en el tercer lugar solo por detr\u00e1s de Ecuador y Colombia. China, EE.UU. y Pa\u00edses Bajos se consolidaron como los principales compradores.<\/p>\n\n\n\n<p>El reporte tambi\u00e9n indica que entre el 2000 y el 2024 los despachos peruanos de maracuy\u00e1 crecieron a una tasa promedio anual de 7%, b\u00e1sicamente por un pico de exportaciones logrado en el 2023.<\/p>\n\n\n\n<p>Sin embargo, el a\u00f1o pasado las ventas internacionales se afectaron debido a fen\u00f3menos clim\u00e1ticos y la aparici\u00f3n de nuevas plagas y enfermedades como mosca de ovario, \u00e1caros, entre otras.<\/p>\n\n\n\n<p><\/p>\n","protected":false},"excerpt":{"rendered":"<p>Env\u00edos se incrementaron 36% en primer semestre de 2025 Las exportaciones de maracuy\u00e1 entre enero y junio del presente a\u00f1o sumaron 40 millones 12,000 d\u00f3lares, monto mayor en 36% respecto al similar periodo del 2024 (20 millones 411,000 d\u00f3lares), se\u00f1al\u00f3 hoy la gerencia de Agroexportaciones de la Asociaci\u00f3n de Exportadores (Adex). En ese sentido, el [&hellip;]<\/p>\n","protected":false},"author":1,"featured_media":9305,"comment_status":"open","ping_status":"open","sticky":false,"template":"","format":"standard","meta":{"footnotes":""},"categories":[3],"tags":[],"class_list":["post-9304","post","type-post","status-publish","format-standard","has-post-thumbnail","hentry","category-economia"],"_links":{"self":[{"href":"http:\/\/www.elcapital.pe\/index.php?rest_route=\/wp\/v2\/posts\/9304","targetHints":{"allow":["GET"]}}],"collection":[{"href":"http:\/\/www.elcapital.pe\/index.php?rest_route=\/wp\/v2\/posts"}],"about":[{"href":"http:\/\/www.elcapital.pe\/index.php?rest_route=\/wp\/v2\/types\/post"}],"author":[{"embeddable":true,"href":"http:\/\/www.elcapital.pe\/index.php?rest_route=\/wp\/v2\/users\/1"}],"replies":[{"embeddable":true,"href":"http:\/\/www.elcapital.pe\/index.php?rest_route=%2Fwp%2Fv2%2Fcomments&post=9304"}],"version-history":[{"count":1,"href":"http:\/\/www.elcapital.pe\/index.php?rest_route=\/wp\/v2\/posts\/9304\/revisions"}],"predecessor-version":[{"id":9306,"href":"http:\/\/www.elcapital.pe\/index.php?rest_route=\/wp\/v2\/posts\/9304\/revisions\/9306"}],"wp:featuredmedia":[{"embeddable":true,"href":"http:\/\/www.elcapital.pe\/index.php?rest_route=\/wp\/v2\/media\/9305"}],"wp:attachment":[{"href":"http:\/\/www.elcapital.pe\/index.php?rest_route=%2Fwp%2Fv2%2Fmedia&parent=9304"}],"wp:term":[{"taxonomy":"category","embeddable":true,"href":"http:\/\/www.elcapital.pe\/index.php?rest_route=%2Fwp%2Fv2%2Fcategories&post=9304"},{"taxonomy":"post_tag","embeddable":true,"href":"http:\/\/www.elcapital.pe\/index.php?rest_route=%2Fwp%2Fv2%2Ftags&post=9304"}],"curies":[{"name":"wp","href":"https:\/\/api.w.org\/{rel}","templated":true}]}}