{"id":9279,"date":"2025-08-22T20:02:12","date_gmt":"2025-08-23T01:02:12","guid":{"rendered":"https:\/\/www.elcapital.pe\/?p=9279"},"modified":"2025-08-22T20:02:12","modified_gmt":"2025-08-23T01:02:12","slug":"mef-control-del-gasto-y-mayor-recaudacion-permitiran-cumplir-meta-de-deficit-fiscal-de-2-2-en-2025","status":"publish","type":"post","link":"http:\/\/www.elcapital.pe\/?p=9279","title":{"rendered":"MEF: CONTROL DEL GASTO Y MAYOR RECAUDACION PERMITIRAN CUMPLIR META DE DEFICIT FISCAL DE 2.2% EN 2025\u00a0\u00a0"},"content":{"rendered":"\n<p>El Ministerio de Econom\u00eda y Finanzas (MEF) asegur\u00f3 que la evoluci\u00f3n del gasto p\u00fablico y el repunte de la recaudaci\u00f3n tributaria permiten prever que se cumplir\u00e1 la meta de d\u00e9ficit fiscal de 2.2% del PBI en 2025.<\/p>\n\n\n\n<p>As\u00ed lo se\u00f1al\u00f3 el titular del sector, Ra\u00fal P\u00e9rez-Reyes, durante el evento Claves para el Planteamiento 2026, organizado por Macroconsult.<\/p>\n\n\n\n<p>El ministro destac\u00f3 que el d\u00e9ficit fiscal anualizado se redujo de 3.6% en enero a 2.6% en julio, y que en agosto se ubicar\u00eda en torno al 2.5%. \u201cEsta ca\u00edda de un punto refleja el retorno a una posici\u00f3n fiscal responsable. No se trata solo de n\u00fameros, sino de confianza y sostenibilidad en la pol\u00edtica econ\u00f3mica\u201d, afirm\u00f3.<\/p>\n\n\n\n<p>Recaudaci\u00f3n y disciplina fiscal<\/p>\n\n\n\n<p>El funcionario explic\u00f3 que el incremento de 20% en la recaudaci\u00f3n de julio responde a tres factores: el mayor ingreso por precios de minerales, la intensificaci\u00f3n de la cobranza de la Sunat y la resoluci\u00f3n de procesos pendientes en el Tribunal Fiscal, que permiti\u00f3 captar montos significativos mediante fraccionamientos especiales.<\/p>\n\n\n\n<p>Asimismo, resalt\u00f3 la aplicaci\u00f3n de una pol\u00edtica prudente en el uso de los recursos, como se refleja en el cr\u00e9dito suplementario de 642 millones de soles aprobado este a\u00f1o, monto menor al registrado en 2024.<\/p>\n\n\n\n<p>\u201cEstamos controlando el impacto del gasto, trasladando recursos de gasto corriente hacia inversi\u00f3n p\u00fablica y priorizando proyectos que beneficien directamente a la poblaci\u00f3n\u201d, subray\u00f3. A\u00f1adi\u00f3 que la disciplina fiscal no implica frenar obras, sino garantizar su sostenibilidad. \u201cLa meta se cumplir\u00e1 sin detener proyectos. Buscamos administrar mejor los recursos y asegurar que cada sol invertido genere resultados concretos\u201d, precis\u00f3.<\/p>\n\n\n\n<p>Bases para mayor inversi\u00f3n en 2026<\/p>\n\n\n\n<p>P\u00e9rez-Reyes record\u00f3 que el presupuesto de 2024 registr\u00f3 un crecimiento in\u00e9dito de 12% en t\u00e9rminos reales frente a 2023, mientras que en 2025 la expansi\u00f3n del gasto ser\u00e1 de 4.6%, lo que permitir\u00e1 recomponer las finanzas p\u00fablicas.<\/p>\n\n\n\n<p>\u201cEstamos sentando las bases para que en 2026 exista mayor espacio de inversi\u00f3n, sin comprometer la estabilidad ni incrementar innecesariamente la deuda p\u00fablica\u201d, concluy\u00f3.<\/p>\n","protected":false},"excerpt":{"rendered":"<p>El Ministerio de Econom\u00eda y Finanzas (MEF) asegur\u00f3 que la evoluci\u00f3n del gasto p\u00fablico y el repunte de la recaudaci\u00f3n tributaria permiten prever que se cumplir\u00e1 la meta de d\u00e9ficit fiscal de 2.2% del PBI en 2025. As\u00ed lo se\u00f1al\u00f3 el titular del sector, Ra\u00fal P\u00e9rez-Reyes, durante el evento Claves para el Planteamiento 2026, organizado [&hellip;]<\/p>\n","protected":false},"author":1,"featured_media":9280,"comment_status":"open","ping_status":"open","sticky":false,"template":"","format":"standard","meta":{"footnotes":""},"categories":[3],"tags":[],"class_list":["post-9279","post","type-post","status-publish","format-standard","has-post-thumbnail","hentry","category-economia"],"_links":{"self":[{"href":"http:\/\/www.elcapital.pe\/index.php?rest_route=\/wp\/v2\/posts\/9279","targetHints":{"allow":["GET"]}}],"collection":[{"href":"http:\/\/www.elcapital.pe\/index.php?rest_route=\/wp\/v2\/posts"}],"about":[{"href":"http:\/\/www.elcapital.pe\/index.php?rest_route=\/wp\/v2\/types\/post"}],"author":[{"embeddable":true,"href":"http:\/\/www.elcapital.pe\/index.php?rest_route=\/wp\/v2\/users\/1"}],"replies":[{"embeddable":true,"href":"http:\/\/www.elcapital.pe\/index.php?rest_route=%2Fwp%2Fv2%2Fcomments&post=9279"}],"version-history":[{"count":1,"href":"http:\/\/www.elcapital.pe\/index.php?rest_route=\/wp\/v2\/posts\/9279\/revisions"}],"predecessor-version":[{"id":9281,"href":"http:\/\/www.elcapital.pe\/index.php?rest_route=\/wp\/v2\/posts\/9279\/revisions\/9281"}],"wp:featuredmedia":[{"embeddable":true,"href":"http:\/\/www.elcapital.pe\/index.php?rest_route=\/wp\/v2\/media\/9280"}],"wp:attachment":[{"href":"http:\/\/www.elcapital.pe\/index.php?rest_route=%2Fwp%2Fv2%2Fmedia&parent=9279"}],"wp:term":[{"taxonomy":"category","embeddable":true,"href":"http:\/\/www.elcapital.pe\/index.php?rest_route=%2Fwp%2Fv2%2Fcategories&post=9279"},{"taxonomy":"post_tag","embeddable":true,"href":"http:\/\/www.elcapital.pe\/index.php?rest_route=%2Fwp%2Fv2%2Ftags&post=9279"}],"curies":[{"name":"wp","href":"https:\/\/api.w.org\/{rel}","templated":true}]}}