{"id":9263,"date":"2025-08-21T21:57:09","date_gmt":"2025-08-22T02:57:09","guid":{"rendered":"https:\/\/www.elcapital.pe\/?p=9263"},"modified":"2025-08-21T22:03:39","modified_gmt":"2025-08-22T03:03:39","slug":"ee-uu-y-la-ue-pactan-fijar-un-arancel-maximo-del-15","status":"publish","type":"post","link":"http:\/\/www.elcapital.pe\/?p=9263","title":{"rendered":"EE. UU. Y LA UE PACTAN FIJAR UN ARANCEL MAXIMO DEL 15%"},"content":{"rendered":"\n<p>Estados Unidos y la Uni\u00f3n Europea ratificaron este jueves (21.08.2025) un acuerdo comercial alcanzado en julio, que fija un tope del 15 % a los aranceles aplicados a los bienes europeos, incluidos autom\u00f3viles, semiconductores, medicamentos y bebidas espirituosas. La medida entrar\u00e1 en vigor cuando Bruselas reduzca a su vez los grav\u00e1menes que impone a productos estadounidenses.<\/p>\n\n\n\n<p>El pacto evita que Washington eleve los aranceles hasta un 30 %, como hab\u00eda amenazado el presidente Donald Trump. A cambio, la UE permitir\u00e1 mayor acceso a su mercado para productos agr\u00edcolas y pesqueros de EE. UU., aunque excluy\u00f3 sectores considerados \u201csensibles\u201d, como carne vacuna, pollo, az\u00facar, arroz y etanol. Representantes agr\u00edcolas europeos advierten que la apertura podr\u00eda afectar la competitividad de productos como aceite de oliva, vino y frutas.<\/p>\n\n\n\n<p>El acuerdo tambi\u00e9n contempla cooperaci\u00f3n energ\u00e9tica y tecnol\u00f3gica: Bruselas prev\u00e9 importar gas natural, petr\u00f3leo y productos nucleares de EE. UU. por 750.000 millones de d\u00f3lares hasta 2028, adem\u00e1s de chips de inteligencia artificial valorados en 40.000 millones. En defensa, la UE se compromete a ampliar la compra de equipo militar estadounidense para reforzar la interoperabilidad de la OTAN.<\/p>\n\n\n\n<p>No obstante, Washington mantendr\u00e1 los aranceles al acero y aluminio europeo sin excepciones, seg\u00fan advirti\u00f3 el asesor comercial Peter Navarro. Ambas partes afirmaron que seguir\u00e1n explorando nuevas reducciones arancelarias en sectores pendientes.<\/p>\n\n\n\n<p>Con informaci\u00f3n de Reuters y EFE<\/p>\n","protected":false},"excerpt":{"rendered":"<p>Estados Unidos y la Uni\u00f3n Europea ratificaron este jueves (21.08.2025) un acuerdo comercial alcanzado en julio, que fija un tope del 15 % a los aranceles aplicados a los bienes europeos, incluidos autom\u00f3viles, semiconductores, medicamentos y bebidas espirituosas. La medida entrar\u00e1 en vigor cuando Bruselas reduzca a su vez los grav\u00e1menes que impone a productos [&hellip;]<\/p>\n","protected":false},"author":1,"featured_media":9264,"comment_status":"open","ping_status":"open","sticky":false,"template":"","format":"standard","meta":{"footnotes":""},"categories":[3],"tags":[],"class_list":["post-9263","post","type-post","status-publish","format-standard","has-post-thumbnail","hentry","category-economia"],"_links":{"self":[{"href":"http:\/\/www.elcapital.pe\/index.php?rest_route=\/wp\/v2\/posts\/9263","targetHints":{"allow":["GET"]}}],"collection":[{"href":"http:\/\/www.elcapital.pe\/index.php?rest_route=\/wp\/v2\/posts"}],"about":[{"href":"http:\/\/www.elcapital.pe\/index.php?rest_route=\/wp\/v2\/types\/post"}],"author":[{"embeddable":true,"href":"http:\/\/www.elcapital.pe\/index.php?rest_route=\/wp\/v2\/users\/1"}],"replies":[{"embeddable":true,"href":"http:\/\/www.elcapital.pe\/index.php?rest_route=%2Fwp%2Fv2%2Fcomments&post=9263"}],"version-history":[{"count":1,"href":"http:\/\/www.elcapital.pe\/index.php?rest_route=\/wp\/v2\/posts\/9263\/revisions"}],"predecessor-version":[{"id":9265,"href":"http:\/\/www.elcapital.pe\/index.php?rest_route=\/wp\/v2\/posts\/9263\/revisions\/9265"}],"wp:featuredmedia":[{"embeddable":true,"href":"http:\/\/www.elcapital.pe\/index.php?rest_route=\/wp\/v2\/media\/9264"}],"wp:attachment":[{"href":"http:\/\/www.elcapital.pe\/index.php?rest_route=%2Fwp%2Fv2%2Fmedia&parent=9263"}],"wp:term":[{"taxonomy":"category","embeddable":true,"href":"http:\/\/www.elcapital.pe\/index.php?rest_route=%2Fwp%2Fv2%2Fcategories&post=9263"},{"taxonomy":"post_tag","embeddable":true,"href":"http:\/\/www.elcapital.pe\/index.php?rest_route=%2Fwp%2Fv2%2Ftags&post=9263"}],"curies":[{"name":"wp","href":"https:\/\/api.w.org\/{rel}","templated":true}]}}