{"id":9204,"date":"2025-08-19T20:06:01","date_gmt":"2025-08-20T01:06:01","guid":{"rendered":"https:\/\/www.elcapital.pe\/?p=9204"},"modified":"2025-08-19T20:06:01","modified_gmt":"2025-08-20T01:06:01","slug":"netanyahu-acusa-a-macron-de-alimentar-el-antisemitismo-francia-rechaza-los-senalamientos","status":"publish","type":"post","link":"http:\/\/www.elcapital.pe\/?p=9204","title":{"rendered":"NETANYAHU ACUSA A MACRON DE \u201cALIMENTAR EL ANTISEMITISMO\u201d; FRANCIA RECHAZA LOS SE\u00d1ALAMIENTOS"},"content":{"rendered":"\n<p>El primer ministro israel\u00ed, Benjamin Netanyahu, acus\u00f3 al presidente franc\u00e9s, Emmanuel Macron, de \u201calimentar el fuego antisemita\u201d al promover el reconocimiento internacional del Estado de Palestina. El gobierno franc\u00e9s calific\u00f3 esas afirmaciones de \u201cerr\u00f3neas\u201d y \u201cabyectas\u201d y adelant\u00f3 que Macron responder\u00e1 en privado.<\/p>\n\n\n\n<p>La acusaci\u00f3n de Netanyahu fue hecha en una carta fechada el 17 de agosto y difundida este martes (19.09.2025). En ella, el mandatario israel\u00ed llam\u00f3 a Macron a sustituir \u201cla debilidad por la acci\u00f3n\u201d y \u201cla calma por la voluntad\u201d, fijando como fecha l\u00edmite el 23 de septiembre, coincidiendo con el nuevo a\u00f1o jud\u00edo.<\/p>\n\n\n\n<p>El l\u00edder israel\u00ed asegur\u00f3 estar \u201cprofundamente preocupado por el alarmante aumento del antisemitismo en Francia\u201d y critic\u00f3 la supuesta falta de acci\u00f3n de Par\u00eds. \u201cSu llamado a un Estado palestino alimenta ese fuego (&#8230;). Recompensa el terror de Ham\u00e1s, fortalece su negativa a liberar rehenes, alienta a quienes amenazan a los jud\u00edos franceses y favorece el odio que recorre hoy sus calles\u201d, escribi\u00f3.<\/p>\n\n\n\n<p>Respuesta de Par\u00eds<\/p>\n\n\n\n<p>El El\u00edseo rechaz\u00f3 con firmeza las acusaciones, se\u00f1alando que \u201catribuir el aumento del antisemitismo en Francia al reconocimiento del Estado palestino es un an\u00e1lisis err\u00f3neo y abyecto, que no quedar\u00e1 sin respuesta\u201d. Adem\u00e1s, inform\u00f3 que Macron se enter\u00f3 de la carta a trav\u00e9s de la prensa y que contestar\u00e1 \u201cpor correspondencia directa, sin filtraciones previas\u201d.<\/p>\n\n\n\n<p>En la misma l\u00ednea, el ministro de Asuntos Europeos, Benjamin Haddad, asegur\u00f3 en la cadena BFMTV que \u201cFrancia no tiene lecciones que recibir en materia de lucha contra el antisemitismo\u201d.<\/p>\n\n\n\n<p>Macron hab\u00eda anunciado en mayo que Francia reconocer\u00e1 oficialmente al Estado de Palestina en septiembre, durante la 80\u00aa Asamblea General de la ONU. El pa\u00eds europeo se sumar\u00e1 as\u00ed a los al menos 145 Estados que ya han dado ese paso, seg\u00fan datos de AFP.<\/p>\n\n\n\n<p>Ham\u00e1s, se\u00f1alado por Israel como beneficiado por la decisi\u00f3n, est\u00e1 catalogado como organizaci\u00f3n terrorista por Estados Unidos, la Uni\u00f3n Europea y otros pa\u00edses. Sus ataques del 7 de octubre de 2023 contra Israel desencadenaron la actual ofensiva militar en Gaza.<\/p>\n\n\n\n<p>(Con informaci\u00f3n de AFP y EFE)<\/p>\n","protected":false},"excerpt":{"rendered":"<p>El primer ministro israel\u00ed, Benjamin Netanyahu, acus\u00f3 al presidente franc\u00e9s, Emmanuel Macron, de \u201calimentar el fuego antisemita\u201d al promover el reconocimiento internacional del Estado de Palestina. El gobierno franc\u00e9s calific\u00f3 esas afirmaciones de \u201cerr\u00f3neas\u201d y \u201cabyectas\u201d y adelant\u00f3 que Macron responder\u00e1 en privado. La acusaci\u00f3n de Netanyahu fue hecha en una carta fechada el 17 [&hellip;]<\/p>\n","protected":false},"author":1,"featured_media":9205,"comment_status":"open","ping_status":"open","sticky":false,"template":"","format":"standard","meta":{"footnotes":""},"categories":[2],"tags":[],"class_list":["post-9204","post","type-post","status-publish","format-standard","has-post-thumbnail","hentry","category-actualidad"],"_links":{"self":[{"href":"http:\/\/www.elcapital.pe\/index.php?rest_route=\/wp\/v2\/posts\/9204","targetHints":{"allow":["GET"]}}],"collection":[{"href":"http:\/\/www.elcapital.pe\/index.php?rest_route=\/wp\/v2\/posts"}],"about":[{"href":"http:\/\/www.elcapital.pe\/index.php?rest_route=\/wp\/v2\/types\/post"}],"author":[{"embeddable":true,"href":"http:\/\/www.elcapital.pe\/index.php?rest_route=\/wp\/v2\/users\/1"}],"replies":[{"embeddable":true,"href":"http:\/\/www.elcapital.pe\/index.php?rest_route=%2Fwp%2Fv2%2Fcomments&post=9204"}],"version-history":[{"count":1,"href":"http:\/\/www.elcapital.pe\/index.php?rest_route=\/wp\/v2\/posts\/9204\/revisions"}],"predecessor-version":[{"id":9206,"href":"http:\/\/www.elcapital.pe\/index.php?rest_route=\/wp\/v2\/posts\/9204\/revisions\/9206"}],"wp:featuredmedia":[{"embeddable":true,"href":"http:\/\/www.elcapital.pe\/index.php?rest_route=\/wp\/v2\/media\/9205"}],"wp:attachment":[{"href":"http:\/\/www.elcapital.pe\/index.php?rest_route=%2Fwp%2Fv2%2Fmedia&parent=9204"}],"wp:term":[{"taxonomy":"category","embeddable":true,"href":"http:\/\/www.elcapital.pe\/index.php?rest_route=%2Fwp%2Fv2%2Fcategories&post=9204"},{"taxonomy":"post_tag","embeddable":true,"href":"http:\/\/www.elcapital.pe\/index.php?rest_route=%2Fwp%2Fv2%2Ftags&post=9204"}],"curies":[{"name":"wp","href":"https:\/\/api.w.org\/{rel}","templated":true}]}}