{"id":9201,"date":"2025-08-19T19:56:12","date_gmt":"2025-08-20T00:56:12","guid":{"rendered":"https:\/\/www.elcapital.pe\/?p=9201"},"modified":"2025-08-19T19:56:12","modified_gmt":"2025-08-20T00:56:12","slug":"colombia-tribunal-ordena-liberar-a-alvaro-uribe-mientras-se-resuelva-su-apelacion","status":"publish","type":"post","link":"http:\/\/www.elcapital.pe\/?p=9201","title":{"rendered":"COLOMBIA: TRIBUNAL ORDENA LIBERAR A ALVARO URIBE MIENTRAS SE RESUELVA SU APELACION\u00a0"},"content":{"rendered":"\n<p>Un tribunal de Bogot\u00e1 orden\u00f3 este martes (19.08.2025) la libertad inmediata del expresidente \u00c1lvaro Uribe, mientras se tramita la apelaci\u00f3n contra la hist\u00f3rica condena de 12 a\u00f1os de prisi\u00f3n domiciliaria por soborno y fraude procesal.<\/p>\n\n\n\n<p>El exmandatario (2002-2010), de 73 a\u00f1os, cumple arresto domiciliario desde el 1 de agosto en su residencia de Rionegro, Antioquia, tras ser hallado culpable en primera instancia de intentar sobornar a paramilitares para desvincularlo de los escuadrones de ultraderecha que operaban en el pa\u00eds. Con esa sentencia se convirti\u00f3 en el primer expresidente colombiano condenado penalmente y privado de la libertad.<\/p>\n\n\n\n<p>El Tribunal Superior de Bogot\u00e1 autoriz\u00f3 que Uribe apele en libertad, aunque la segunda instancia tiene plazo hasta el 16 de octubre para ratificar la condena o absolverlo. Si no se pronuncia antes de esa fecha, el caso ser\u00e1 archivado.<\/p>\n\n\n\n<p>Uribe asegura que el proceso estuvo politizado y bajo presiones del gobierno de Gustavo Petro. En contraste, el senador Iv\u00e1n Cepeda, a quien el expresidente denunci\u00f3 en 2012 por presunto complot, afirm\u00f3 que respeta pero no comparte la decisi\u00f3n, advirtiendo que Uribe mantiene \u201cacciones de presi\u00f3n contra la justicia y campa\u00f1as en nuestra contra\u201d.<\/p>\n\n\n\n<p>El caso dio un giro en 2018, cuando la Corte Suprema abri\u00f3 investigaci\u00f3n contra el exmandatario por manipulaci\u00f3n de testigos. Desde entonces, el proceso ha marcado un hito en la historia judicial del pa\u00eds.<\/p>\n\n\n\n<p>Uribe, recordado por su pol\u00edtica de mano dura contra la guerrilla y el fortalecimiento de la seguridad, tambi\u00e9n carga con el se\u00f1alamiento de los m\u00e1s de 6.000 \u201cfalsos positivos\u201d: civiles ejecutados y presentados como guerrilleros abatidos durante su gobierno. Seg\u00fan el registro oficial, cerca del 40% de las ocho millones de v\u00edctimas del conflicto armado se produjeron durante su mandato.<\/p>\n\n\n\n<p>(Con informaci\u00f3n de AFP y EFE)<\/p>\n","protected":false},"excerpt":{"rendered":"<p>Un tribunal de Bogot\u00e1 orden\u00f3 este martes (19.08.2025) la libertad inmediata del expresidente \u00c1lvaro Uribe, mientras se tramita la apelaci\u00f3n contra la hist\u00f3rica condena de 12 a\u00f1os de prisi\u00f3n domiciliaria por soborno y fraude procesal. El exmandatario (2002-2010), de 73 a\u00f1os, cumple arresto domiciliario desde el 1 de agosto en su residencia de Rionegro, Antioquia, [&hellip;]<\/p>\n","protected":false},"author":1,"featured_media":9202,"comment_status":"open","ping_status":"open","sticky":false,"template":"","format":"standard","meta":{"footnotes":""},"categories":[2],"tags":[],"class_list":["post-9201","post","type-post","status-publish","format-standard","has-post-thumbnail","hentry","category-actualidad"],"_links":{"self":[{"href":"http:\/\/www.elcapital.pe\/index.php?rest_route=\/wp\/v2\/posts\/9201","targetHints":{"allow":["GET"]}}],"collection":[{"href":"http:\/\/www.elcapital.pe\/index.php?rest_route=\/wp\/v2\/posts"}],"about":[{"href":"http:\/\/www.elcapital.pe\/index.php?rest_route=\/wp\/v2\/types\/post"}],"author":[{"embeddable":true,"href":"http:\/\/www.elcapital.pe\/index.php?rest_route=\/wp\/v2\/users\/1"}],"replies":[{"embeddable":true,"href":"http:\/\/www.elcapital.pe\/index.php?rest_route=%2Fwp%2Fv2%2Fcomments&post=9201"}],"version-history":[{"count":1,"href":"http:\/\/www.elcapital.pe\/index.php?rest_route=\/wp\/v2\/posts\/9201\/revisions"}],"predecessor-version":[{"id":9203,"href":"http:\/\/www.elcapital.pe\/index.php?rest_route=\/wp\/v2\/posts\/9201\/revisions\/9203"}],"wp:featuredmedia":[{"embeddable":true,"href":"http:\/\/www.elcapital.pe\/index.php?rest_route=\/wp\/v2\/media\/9202"}],"wp:attachment":[{"href":"http:\/\/www.elcapital.pe\/index.php?rest_route=%2Fwp%2Fv2%2Fmedia&parent=9201"}],"wp:term":[{"taxonomy":"category","embeddable":true,"href":"http:\/\/www.elcapital.pe\/index.php?rest_route=%2Fwp%2Fv2%2Fcategories&post=9201"},{"taxonomy":"post_tag","embeddable":true,"href":"http:\/\/www.elcapital.pe\/index.php?rest_route=%2Fwp%2Fv2%2Ftags&post=9201"}],"curies":[{"name":"wp","href":"https:\/\/api.w.org\/{rel}","templated":true}]}}