{"id":9191,"date":"2025-08-18T22:05:51","date_gmt":"2025-08-19T03:05:51","guid":{"rendered":"https:\/\/www.elcapital.pe\/?p=9191"},"modified":"2025-08-18T22:05:51","modified_gmt":"2025-08-19T03:05:51","slug":"hamas-acepta-propuesta-de-tregua-en-gaza","status":"publish","type":"post","link":"http:\/\/www.elcapital.pe\/?p=9191","title":{"rendered":"HAMAS ACEPTA PROPUESTA DE TREGUA EN GAZA\u00a0"},"content":{"rendered":"\n<p>Ham\u00e1s, considerado organizaci\u00f3n terrorista por Estados Unidos y la Uni\u00f3n Europea, acept\u00f3 este lunes (18.08.2025) una propuesta de alto el fuego en la Franja de Gaza que contempla un intercambio de rehenes israel\u00edes por prisioneros palestinos, informaron a EFE y AFP fuentes de seguridad egipcias vinculadas a las negociaciones.<\/p>\n\n\n\n<p>La decisi\u00f3n se produjo tras una reuni\u00f3n en Egipto entre mediadores de ese pa\u00eds y de Catar con los l\u00edderes de la delegaci\u00f3n de Ham\u00e1s. Seg\u00fan un informante que pidi\u00f3 el anonimato por la sensibilidad del asunto, la aprobaci\u00f3n ser\u00e1 transmitida a Israel a trav\u00e9s de Washington, con la expectativa de que Estados Unidos presione para detener la operaci\u00f3n militar en la ciudad de Gaza.<\/p>\n\n\n\n<p>Condiciones del acuerdo<\/p>\n\n\n\n<p>El plan establece un alto el fuego de 60 d\u00edas, la liberaci\u00f3n de diez rehenes israel\u00edes por parte de Ham\u00e1s y la entrada masiva de ayuda humanitaria para aliviar la grave crisis en el enclave.<\/p>\n\n\n\n<p>Adem\u00e1s, Ham\u00e1s acept\u00f3 el despliegue de una fuerza internacional conjunta, con participaci\u00f3n europea y \u00e1rabe, para garantizar la aplicaci\u00f3n de la tregua y la seguridad en la Franja, evitando un vac\u00edo de poder tras la congelaci\u00f3n de sus actividades militares.<\/p>\n\n\n\n<p>El movimiento palestino tambi\u00e9n se comprometi\u00f3 a no administrar la Franja durante la vigencia del acuerdo, siempre que Israel respete los t\u00e9rminos pactados.<\/p>\n\n\n\n<p>Con (EFE, AFP \/ mn)<\/p>\n","protected":false},"excerpt":{"rendered":"<p>Ham\u00e1s, considerado organizaci\u00f3n terrorista por Estados Unidos y la Uni\u00f3n Europea, acept\u00f3 este lunes (18.08.2025) una propuesta de alto el fuego en la Franja de Gaza que contempla un intercambio de rehenes israel\u00edes por prisioneros palestinos, informaron a EFE y AFP fuentes de seguridad egipcias vinculadas a las negociaciones. La decisi\u00f3n se produjo tras una [&hellip;]<\/p>\n","protected":false},"author":1,"featured_media":9192,"comment_status":"open","ping_status":"open","sticky":false,"template":"","format":"standard","meta":{"footnotes":""},"categories":[2],"tags":[],"class_list":["post-9191","post","type-post","status-publish","format-standard","has-post-thumbnail","hentry","category-actualidad"],"_links":{"self":[{"href":"http:\/\/www.elcapital.pe\/index.php?rest_route=\/wp\/v2\/posts\/9191","targetHints":{"allow":["GET"]}}],"collection":[{"href":"http:\/\/www.elcapital.pe\/index.php?rest_route=\/wp\/v2\/posts"}],"about":[{"href":"http:\/\/www.elcapital.pe\/index.php?rest_route=\/wp\/v2\/types\/post"}],"author":[{"embeddable":true,"href":"http:\/\/www.elcapital.pe\/index.php?rest_route=\/wp\/v2\/users\/1"}],"replies":[{"embeddable":true,"href":"http:\/\/www.elcapital.pe\/index.php?rest_route=%2Fwp%2Fv2%2Fcomments&post=9191"}],"version-history":[{"count":1,"href":"http:\/\/www.elcapital.pe\/index.php?rest_route=\/wp\/v2\/posts\/9191\/revisions"}],"predecessor-version":[{"id":9193,"href":"http:\/\/www.elcapital.pe\/index.php?rest_route=\/wp\/v2\/posts\/9191\/revisions\/9193"}],"wp:featuredmedia":[{"embeddable":true,"href":"http:\/\/www.elcapital.pe\/index.php?rest_route=\/wp\/v2\/media\/9192"}],"wp:attachment":[{"href":"http:\/\/www.elcapital.pe\/index.php?rest_route=%2Fwp%2Fv2%2Fmedia&parent=9191"}],"wp:term":[{"taxonomy":"category","embeddable":true,"href":"http:\/\/www.elcapital.pe\/index.php?rest_route=%2Fwp%2Fv2%2Fcategories&post=9191"},{"taxonomy":"post_tag","embeddable":true,"href":"http:\/\/www.elcapital.pe\/index.php?rest_route=%2Fwp%2Fv2%2Ftags&post=9191"}],"curies":[{"name":"wp","href":"https:\/\/api.w.org\/{rel}","templated":true}]}}