{"id":9188,"date":"2025-08-18T21:59:02","date_gmt":"2025-08-19T02:59:02","guid":{"rendered":"https:\/\/www.elcapital.pe\/?p=9188"},"modified":"2025-08-18T21:59:02","modified_gmt":"2025-08-19T02:59:02","slug":"cofundador-del-cartel-de-sinaloa-se-declarara-culpable","status":"publish","type":"post","link":"http:\/\/www.elcapital.pe\/?p=9188","title":{"rendered":"COFUNDADOR DEL CARTEL DE SINALOA SE DECLARARA CULPABLE\u00a0\u00a0"},"content":{"rendered":"\n<p>Ismael \u201cEl Mayo\u201d Zambada, uno de los fundadores del c\u00e1rtel de Sinaloa, cambiar\u00e1 su declaraci\u00f3n de inocencia y se declarar\u00e1 culpable el pr\u00f3ximo 25 de agosto ante el juez Brian M. Cogan en una corte de Nueva York, seg\u00fan notific\u00f3 este lunes (18.08.2025) la justicia estadounidense. Con ello, el hist\u00f3rico capo renuncia a enfrentar un juicio p\u00fablico.<\/p>\n\n\n\n<p>El documento judicial no ofrece detalles sobre los t\u00e9rminos de su decisi\u00f3n, aunque Zambada era considerado uno de los narcotraficantes m\u00e1s buscados de M\u00e9xico hasta su captura.<\/p>\n\n\n\n<p>Cambio de estrategia<\/p>\n\n\n\n<p>En julio de 2024, Zambada lleg\u00f3 a El Paso (Texas) en un vuelo privado junto a Joaqu\u00edn Guzm\u00e1n L\u00f3pez, hijo de Joaqu\u00edn \u201cEl Chapo\u201d Guzm\u00e1n, en lo que se sospecha fue un enga\u00f1o contra el \u201cMayo\u201d dentro de un acuerdo con la Fiscal\u00eda. Las circunstancias de aquel viaje nunca fueron esclarecidas.<\/p>\n\n\n\n<p>La audiencia de Guzm\u00e1n L\u00f3pez, quien tambi\u00e9n enfrenta cargos por narcotr\u00e1fico, fue pospuesta del 15 de julio al 15 de septiembre, en medio de especulaciones de que \u00e9l tambi\u00e9n optar\u00e1 por declararse culpable. En paralelo, su hermano Ovidio Guzm\u00e1n L\u00f3pez ya admiti\u00f3 cuatro cargos de narcotr\u00e1fico en julio de este a\u00f1o ante un tribunal de Chicago, como parte de un acuerdo con las autoridades estadounidenses cuyos t\u00e9rminos no fueron revelados.<\/p>\n\n\n\n<p>La decisi\u00f3n del \u201cMayo\u201d y de Guzm\u00e1n L\u00f3pez se interpreta como parte de una nueva estrategia del c\u00e1rtel de Sinaloa para evitar la exposici\u00f3n medi\u00e1tica de sus operaciones, como ocurri\u00f3 en el sonado juicio contra el \u201cChapo\u201d Guzm\u00e1n en Nueva York en 2019.<\/p>\n\n\n\n<p>Con (EFE, AFP \/ mn)<\/p>\n","protected":false},"excerpt":{"rendered":"<p>Ismael \u201cEl Mayo\u201d Zambada, uno de los fundadores del c\u00e1rtel de Sinaloa, cambiar\u00e1 su declaraci\u00f3n de inocencia y se declarar\u00e1 culpable el pr\u00f3ximo 25 de agosto ante el juez Brian M. Cogan en una corte de Nueva York, seg\u00fan notific\u00f3 este lunes (18.08.2025) la justicia estadounidense. Con ello, el hist\u00f3rico capo renuncia a enfrentar un [&hellip;]<\/p>\n","protected":false},"author":1,"featured_media":9189,"comment_status":"open","ping_status":"open","sticky":false,"template":"","format":"standard","meta":{"footnotes":""},"categories":[2],"tags":[],"class_list":["post-9188","post","type-post","status-publish","format-standard","has-post-thumbnail","hentry","category-actualidad"],"_links":{"self":[{"href":"http:\/\/www.elcapital.pe\/index.php?rest_route=\/wp\/v2\/posts\/9188","targetHints":{"allow":["GET"]}}],"collection":[{"href":"http:\/\/www.elcapital.pe\/index.php?rest_route=\/wp\/v2\/posts"}],"about":[{"href":"http:\/\/www.elcapital.pe\/index.php?rest_route=\/wp\/v2\/types\/post"}],"author":[{"embeddable":true,"href":"http:\/\/www.elcapital.pe\/index.php?rest_route=\/wp\/v2\/users\/1"}],"replies":[{"embeddable":true,"href":"http:\/\/www.elcapital.pe\/index.php?rest_route=%2Fwp%2Fv2%2Fcomments&post=9188"}],"version-history":[{"count":1,"href":"http:\/\/www.elcapital.pe\/index.php?rest_route=\/wp\/v2\/posts\/9188\/revisions"}],"predecessor-version":[{"id":9190,"href":"http:\/\/www.elcapital.pe\/index.php?rest_route=\/wp\/v2\/posts\/9188\/revisions\/9190"}],"wp:featuredmedia":[{"embeddable":true,"href":"http:\/\/www.elcapital.pe\/index.php?rest_route=\/wp\/v2\/media\/9189"}],"wp:attachment":[{"href":"http:\/\/www.elcapital.pe\/index.php?rest_route=%2Fwp%2Fv2%2Fmedia&parent=9188"}],"wp:term":[{"taxonomy":"category","embeddable":true,"href":"http:\/\/www.elcapital.pe\/index.php?rest_route=%2Fwp%2Fv2%2Fcategories&post=9188"},{"taxonomy":"post_tag","embeddable":true,"href":"http:\/\/www.elcapital.pe\/index.php?rest_route=%2Fwp%2Fv2%2Ftags&post=9188"}],"curies":[{"name":"wp","href":"https:\/\/api.w.org\/{rel}","templated":true}]}}