{"id":9185,"date":"2025-08-18T21:47:07","date_gmt":"2025-08-19T02:47:07","guid":{"rendered":"https:\/\/www.elcapital.pe\/?p=9185"},"modified":"2025-08-18T22:33:00","modified_gmt":"2025-08-19T03:33:00","slug":"morales-resultado-de-comiicios-en-bolivia-es-voto-castigo","status":"publish","type":"post","link":"http:\/\/www.elcapital.pe\/?p=9185","title":{"rendered":"MORALES: RESULTADO DE COMICIOS EN BOLIVIA ES \u201cVOTO CASTIGO\u201d\u00a0\u00a0"},"content":{"rendered":"\n<p>El expresidente boliviano Evo Morales reconoci\u00f3 este lunes (18.08.2025) los resultados de las elecciones generales, en las que Rodrigo Paz Pereira y el tambi\u00e9n exmandatario Jorge \u201cTuto\u201d Quiroga disputar\u00e1n la segunda vuelta, y calific\u00f3 el desenlace como \u201cun voto castigo a la traici\u00f3n y la corrupci\u00f3n\u201d.<\/p>\n\n\n\n<p>\u201cRespeto los resultados, somos un movimiento pol\u00edtico democr\u00e1tico. Ayer fuimos a votar y no a elegir (&#8230;) humildemente hay que reconocerlos\u201d, declar\u00f3 Morales (2006-2019) en la emisora cocalera Kawsachun Coca, en su primera reacci\u00f3n tras conocerse el escrutinio preliminar.<\/p>\n\n\n\n<p>El l\u00edder cocalero apunt\u00f3 directamente contra el oficialismo, se\u00f1alando que la derrota refleja el rechazo a la candidatura del presidente del Senado, Andr\u00f3nico Rodr\u00edguez, a quien consideraba su sucesor, y al ministro Eduardo del Castillo, ambos postulados por el Movimiento al Socialismo (MAS), partido que Morales dirigi\u00f3 durante casi tres d\u00e9cadas.<\/p>\n\n\n\n<p>El peso de los votos nulos y blancos<\/p>\n\n\n\n<p>Morales y sus seguidores promovieron el voto nulo en protesta por su inhabilitaci\u00f3n, debido a que no pudo postular tras renunciar al MAS y a una restricci\u00f3n constitucional que le impide aspirar nuevamente a la presidencia.<\/p>\n\n\n\n<p>En ese marco, destac\u00f3 la magnitud de los votos nulos y blancos, que \u2014seg\u00fan dijo\u2014 juntos se ubican en segundo lugar y, al sumarse a la abstenci\u00f3n, superar\u00edan incluso el respaldo obtenido por Paz Pereira. \u201cEl voto nulo est\u00e1 en tercer lugar, pero con el blanco est\u00e1n en segundo. Si sumamos ausentismo, nulo y blanco, est\u00e1 primero\u201d, asegur\u00f3.<\/p>\n\n\n\n<p>De acuerdo con el Sistema de Resultados Electorales Preliminares (Sirepre), Paz Pereira, del Partido Dem\u00f3crata Cristiano (PDC), encabeza los comicios con 32,14 % de votos v\u00e1lidos, tras el c\u00f3mputo del 95,41 % de las actas.<\/p>\n\n\n\n<p>Con (EFE, AFP \/ mn)<\/p>\n","protected":false},"excerpt":{"rendered":"<p>El expresidente boliviano Evo Morales reconoci\u00f3 este lunes (18.08.2025) los resultados de las elecciones generales, en las que Rodrigo Paz Pereira y el tambi\u00e9n exmandatario Jorge \u201cTuto\u201d Quiroga disputar\u00e1n la segunda vuelta, y calific\u00f3 el desenlace como \u201cun voto castigo a la traici\u00f3n y la corrupci\u00f3n\u201d. \u201cRespeto los resultados, somos un movimiento pol\u00edtico democr\u00e1tico. Ayer [&hellip;]<\/p>\n","protected":false},"author":1,"featured_media":9186,"comment_status":"open","ping_status":"open","sticky":false,"template":"","format":"standard","meta":{"footnotes":""},"categories":[2],"tags":[],"class_list":["post-9185","post","type-post","status-publish","format-standard","has-post-thumbnail","hentry","category-actualidad"],"_links":{"self":[{"href":"http:\/\/www.elcapital.pe\/index.php?rest_route=\/wp\/v2\/posts\/9185","targetHints":{"allow":["GET"]}}],"collection":[{"href":"http:\/\/www.elcapital.pe\/index.php?rest_route=\/wp\/v2\/posts"}],"about":[{"href":"http:\/\/www.elcapital.pe\/index.php?rest_route=\/wp\/v2\/types\/post"}],"author":[{"embeddable":true,"href":"http:\/\/www.elcapital.pe\/index.php?rest_route=\/wp\/v2\/users\/1"}],"replies":[{"embeddable":true,"href":"http:\/\/www.elcapital.pe\/index.php?rest_route=%2Fwp%2Fv2%2Fcomments&post=9185"}],"version-history":[{"count":2,"href":"http:\/\/www.elcapital.pe\/index.php?rest_route=\/wp\/v2\/posts\/9185\/revisions"}],"predecessor-version":[{"id":9194,"href":"http:\/\/www.elcapital.pe\/index.php?rest_route=\/wp\/v2\/posts\/9185\/revisions\/9194"}],"wp:featuredmedia":[{"embeddable":true,"href":"http:\/\/www.elcapital.pe\/index.php?rest_route=\/wp\/v2\/media\/9186"}],"wp:attachment":[{"href":"http:\/\/www.elcapital.pe\/index.php?rest_route=%2Fwp%2Fv2%2Fmedia&parent=9185"}],"wp:term":[{"taxonomy":"category","embeddable":true,"href":"http:\/\/www.elcapital.pe\/index.php?rest_route=%2Fwp%2Fv2%2Fcategories&post=9185"},{"taxonomy":"post_tag","embeddable":true,"href":"http:\/\/www.elcapital.pe\/index.php?rest_route=%2Fwp%2Fv2%2Ftags&post=9185"}],"curies":[{"name":"wp","href":"https:\/\/api.w.org\/{rel}","templated":true}]}}