{"id":9179,"date":"2025-08-18T21:27:44","date_gmt":"2025-08-19T02:27:44","guid":{"rendered":"https:\/\/www.elcapital.pe\/?p=9179"},"modified":"2025-08-18T21:27:44","modified_gmt":"2025-08-19T02:27:44","slug":"trump-dice-que-empezo-a-organizar-reunion-putin-zelenski","status":"publish","type":"post","link":"http:\/\/www.elcapital.pe\/?p=9179","title":{"rendered":"TRUMP DICE QUE EMPEZO A ORGANIZAR REUNION PUTIN-ZELENSKI\u00a0\u00a0"},"content":{"rendered":"\n<p>El presidente de Estados Unidos, Donald Trump, anunci\u00f3 este lunes (18.08.2025) que inici\u00f3 gestiones para organizar un encuentro entre los mandatarios de Rusia, Vlad\u00edmir Putin, y de Ucrania, Volod\u00edmir Zelenski. Seg\u00fan adelant\u00f3, esa cita bilateral ser\u00eda seguida de una reuni\u00f3n trilateral en la que \u00e9l tambi\u00e9n participar\u00eda.<\/p>\n\n\n\n<p>\u201cAl concluir las reuniones, llam\u00e9 al presidente Putin e inici\u00e9 los preparativos para un encuentro, en un lugar a\u00fan por definir, entre el presidente Putin y el presidente Zelenski\u201d, declar\u00f3 Trump tras recibir en la Casa Blanca al l\u00edder ucraniano y a varios dirigentes europeos. \u201cDespu\u00e9s de esa reuni\u00f3n, tendremos una trilateral en la que participar\u00edamos los dos presidentes y yo\u201d, a\u00f1adi\u00f3.<\/p>\n\n\n\n<p>Zelenski expres\u00f3 desde el inicio su disposici\u00f3n a ese contacto a tres bandas mediado por Washington.<\/p>\n\n\n\n<p>Por su parte, el asesor presidencial ruso Yuri Ushakov inform\u00f3 que Putin y Trump conversaron telef\u00f3nicamente sobre la posibilidad de elevar el nivel de representaci\u00f3n en la pr\u00f3xima ronda de negociaciones de paz con Ucrania, aunque no confirm\u00f3 una futura cita entre los mandatarios ruso y ucraniano.<\/p>\n\n\n\n<p>Reuni\u00f3n en Washington<\/p>\n\n\n\n<p>De acuerdo con la Casa Blanca, la reuni\u00f3n multilateral de Trump con Zelenski y sus socios europeos se extendi\u00f3 por m\u00e1s de dos horas. Seg\u00fan CNN y el diario alem\u00e1n Bild, en un momento del encuentro el expresidente estadounidense interrumpi\u00f3 la sesi\u00f3n para conversar en privado con Putin.<\/p>\n\n\n\n<p>Trump calific\u00f3 de \u201cmuy buena\u201d la reuni\u00f3n con Zelenski, el secretario general de la OTAN, Mark Rutte; la presidenta de la Comisi\u00f3n Europea, Ursula von der Leyen; los presidentes Emmanuel Macron (Francia) y Alexander Stubb (Finlandia); los primeros ministros Keir Starmer (Reino Unido) y Giorgia Meloni (Italia), y el canciller alem\u00e1n, Friedrich Merz.<\/p>\n\n\n\n<p>\u201cDurante el encuentro abordamos las garant\u00edas de seguridad para Ucrania, que ser\u00edan respaldadas por los distintos pa\u00edses europeos en coordinaci\u00f3n con Estados Unidos. Todos coincidimos en que hay una oportunidad real de alcanzar la paz entre Rusia y Ucrania\u201d, afirm\u00f3.<\/p>\n\n\n\n<p>Trump insisti\u00f3 adem\u00e1s en discutir el \u201cintercambio de territorios\u201d, propuesta de Putin planteada la semana pasada en Alaska y que implicar\u00eda la cesi\u00f3n a Rusia de regiones como Donetsk y Lugansk. Kiev, sin embargo, considera esa idea inaceptable e inconstitucional seg\u00fan su Carta Magna.<\/p>\n\n\n\n<p>Con ( AFP, EFE)<\/p>\n","protected":false},"excerpt":{"rendered":"<p>El presidente de Estados Unidos, Donald Trump, anunci\u00f3 este lunes (18.08.2025) que inici\u00f3 gestiones para organizar un encuentro entre los mandatarios de Rusia, Vlad\u00edmir Putin, y de Ucrania, Volod\u00edmir Zelenski. Seg\u00fan adelant\u00f3, esa cita bilateral ser\u00eda seguida de una reuni\u00f3n trilateral en la que \u00e9l tambi\u00e9n participar\u00eda. \u201cAl concluir las reuniones, llam\u00e9 al presidente Putin [&hellip;]<\/p>\n","protected":false},"author":1,"featured_media":9180,"comment_status":"open","ping_status":"open","sticky":false,"template":"","format":"standard","meta":{"footnotes":""},"categories":[2],"tags":[],"class_list":["post-9179","post","type-post","status-publish","format-standard","has-post-thumbnail","hentry","category-actualidad"],"_links":{"self":[{"href":"http:\/\/www.elcapital.pe\/index.php?rest_route=\/wp\/v2\/posts\/9179","targetHints":{"allow":["GET"]}}],"collection":[{"href":"http:\/\/www.elcapital.pe\/index.php?rest_route=\/wp\/v2\/posts"}],"about":[{"href":"http:\/\/www.elcapital.pe\/index.php?rest_route=\/wp\/v2\/types\/post"}],"author":[{"embeddable":true,"href":"http:\/\/www.elcapital.pe\/index.php?rest_route=\/wp\/v2\/users\/1"}],"replies":[{"embeddable":true,"href":"http:\/\/www.elcapital.pe\/index.php?rest_route=%2Fwp%2Fv2%2Fcomments&post=9179"}],"version-history":[{"count":1,"href":"http:\/\/www.elcapital.pe\/index.php?rest_route=\/wp\/v2\/posts\/9179\/revisions"}],"predecessor-version":[{"id":9181,"href":"http:\/\/www.elcapital.pe\/index.php?rest_route=\/wp\/v2\/posts\/9179\/revisions\/9181"}],"wp:featuredmedia":[{"embeddable":true,"href":"http:\/\/www.elcapital.pe\/index.php?rest_route=\/wp\/v2\/media\/9180"}],"wp:attachment":[{"href":"http:\/\/www.elcapital.pe\/index.php?rest_route=%2Fwp%2Fv2%2Fmedia&parent=9179"}],"wp:term":[{"taxonomy":"category","embeddable":true,"href":"http:\/\/www.elcapital.pe\/index.php?rest_route=%2Fwp%2Fv2%2Fcategories&post=9179"},{"taxonomy":"post_tag","embeddable":true,"href":"http:\/\/www.elcapital.pe\/index.php?rest_route=%2Fwp%2Fv2%2Ftags&post=9179"}],"curies":[{"name":"wp","href":"https:\/\/api.w.org\/{rel}","templated":true}]}}