{"id":9173,"date":"2025-08-18T21:04:26","date_gmt":"2025-08-19T02:04:26","guid":{"rendered":"https:\/\/www.elcapital.pe\/?p=9173"},"modified":"2025-08-18T21:04:26","modified_gmt":"2025-08-19T02:04:26","slug":"parque-industrial-de-ancon-convertira-a-lima-norte-en-principal-eje-productivo","status":"publish","type":"post","link":"http:\/\/www.elcapital.pe\/?p=9173","title":{"rendered":"PARQUE INDUSTRIAL DE ANCON CONVERTIRA A LIMA NORTE EN PRINCIPAL EJE PRODUCTIVO\u00a0"},"content":{"rendered":"\n<p>Tambi\u00e9n log\u00edstico de todo el pa\u00eds<\/p>\n\n\n\n<p>El Parque Industrial de Anc\u00f3n convertir\u00e1 a Lima Norte en el principal eje productivo y log\u00edstico de todo el pa\u00eds, destac\u00f3 hoy el ministro de la Producci\u00f3n, Sergio Gonz\u00e1lez.<\/p>\n\n\n\n<p>El ministro acompa\u00f1ado del director ejecutivo de ProInversi\u00f3n, Luis del Carpio, y el alcalde distrital de Anc\u00f3n, Samuel Daza, realiz\u00f3 una visita de inspecci\u00f3n al terreno donde se levantar\u00e1 el Parque Industrial de Anc\u00f3n (PIA), el primer parque industrial de relevancia nacional que marcar\u00e1 un hito en la transformaci\u00f3n productiva del pa\u00eds.<\/p>\n\n\n\n<p>\u201cEl Parque Industrial de Anc\u00f3n no es solo un proyecto de infraestructura, es una apuesta estrat\u00e9gica por el futuro productivo y competitivo del Per\u00fa\u201d, subray\u00f3 el titular del Ministerio de la Producci\u00f3n.<\/p>\n\n\n\n<p>\u201cConcebido como el primer parque industrial de relevancia nacional, el Parque Industrial de Anc\u00f3n aprovecha una ubicaci\u00f3n privilegiada entre los puertos de Chancay y Callao, convirti\u00e9ndose en un nodo log\u00edstico clave para la integraci\u00f3n comercial y la atracci\u00f3n de inversiones\u201d, agreg\u00f3.<\/p>\n\n\n\n<p>El Parque Industrial de Anc\u00f3n se desarrollar\u00e1 sobre un terreno de 1,338 hect\u00e1reas de propiedad del Estado, de las cuales 715 hect\u00e1reas son \u00fatiles para actividades industriales.<\/p>\n\n\n\n<p>Se proyecta su ejecuci\u00f3n en un horizonte de hasta 22 a\u00f1os, con la instalaci\u00f3n de 234 empresas que ocupar\u00e1n alrededor de 400 hect\u00e1reas.<\/p>\n\n\n\n<p>La inversi\u00f3n privada estimada asciende a 1,214 millones de d\u00f3lares, lo que permitir\u00e1 generar un impacto econ\u00f3mico de 280 millones de d\u00f3lares en exportaciones y hasta 120,000 empleos directos e indirectos, consolidando a Anc\u00f3n como un polo industrial, log\u00edstico y tecnol\u00f3gico para el Per\u00fa y la regi\u00f3n.<\/p>\n\n\n\n<p>El proyecto cuenta con el respaldo del Decreto Legislativo N\u00b0 1199, que crea el Sistema Nacional de Parques Industriales, y est\u00e1 ubicado estrat\u00e9gicamente entre los puertos de Chancay (40 km) y Callao (39 km), lo que lo convierte en un nodo log\u00edstico de alcance internacional.<\/p>\n\n\n\n<p>\u201cEste parque industrial no solo impulsar\u00e1 el crecimiento econ\u00f3mico, sino que tambi\u00e9n fomentar\u00e1 la diversificaci\u00f3n productiva, la innovaci\u00f3n tecnol\u00f3gica y la internacionalizaci\u00f3n de nuestras empresas, abriendo nuevas oportunidades para las mypes y la gran industria nacional\u201d, puntualiz\u00f3 el ministro de la Producci\u00f3n.<\/p>\n\n\n\n<p>Con la puesta en marcha del Parque Industrial de Anc\u00f3n, el Ministerio de la Producci\u00f3n (Produce) reafirma con fuerza su compromiso de transformar la econom\u00eda nacional, atraer inversiones de gran escala y generar oportunidades de empleo digno para miles de familias peruanas, consolidando al pa\u00eds como un referente de desarrollo productivo y competitivo en Am\u00e9rica Latina.<\/p>\n","protected":false},"excerpt":{"rendered":"<p>Tambi\u00e9n log\u00edstico de todo el pa\u00eds El Parque Industrial de Anc\u00f3n convertir\u00e1 a Lima Norte en el principal eje productivo y log\u00edstico de todo el pa\u00eds, destac\u00f3 hoy el ministro de la Producci\u00f3n, Sergio Gonz\u00e1lez. El ministro acompa\u00f1ado del director ejecutivo de ProInversi\u00f3n, Luis del Carpio, y el alcalde distrital de Anc\u00f3n, Samuel Daza, realiz\u00f3 [&hellip;]<\/p>\n","protected":false},"author":1,"featured_media":9174,"comment_status":"open","ping_status":"open","sticky":false,"template":"","format":"standard","meta":{"footnotes":""},"categories":[3],"tags":[],"class_list":["post-9173","post","type-post","status-publish","format-standard","has-post-thumbnail","hentry","category-economia"],"_links":{"self":[{"href":"http:\/\/www.elcapital.pe\/index.php?rest_route=\/wp\/v2\/posts\/9173","targetHints":{"allow":["GET"]}}],"collection":[{"href":"http:\/\/www.elcapital.pe\/index.php?rest_route=\/wp\/v2\/posts"}],"about":[{"href":"http:\/\/www.elcapital.pe\/index.php?rest_route=\/wp\/v2\/types\/post"}],"author":[{"embeddable":true,"href":"http:\/\/www.elcapital.pe\/index.php?rest_route=\/wp\/v2\/users\/1"}],"replies":[{"embeddable":true,"href":"http:\/\/www.elcapital.pe\/index.php?rest_route=%2Fwp%2Fv2%2Fcomments&post=9173"}],"version-history":[{"count":1,"href":"http:\/\/www.elcapital.pe\/index.php?rest_route=\/wp\/v2\/posts\/9173\/revisions"}],"predecessor-version":[{"id":9175,"href":"http:\/\/www.elcapital.pe\/index.php?rest_route=\/wp\/v2\/posts\/9173\/revisions\/9175"}],"wp:featuredmedia":[{"embeddable":true,"href":"http:\/\/www.elcapital.pe\/index.php?rest_route=\/wp\/v2\/media\/9174"}],"wp:attachment":[{"href":"http:\/\/www.elcapital.pe\/index.php?rest_route=%2Fwp%2Fv2%2Fmedia&parent=9173"}],"wp:term":[{"taxonomy":"category","embeddable":true,"href":"http:\/\/www.elcapital.pe\/index.php?rest_route=%2Fwp%2Fv2%2Fcategories&post=9173"},{"taxonomy":"post_tag","embeddable":true,"href":"http:\/\/www.elcapital.pe\/index.php?rest_route=%2Fwp%2Fv2%2Ftags&post=9173"}],"curies":[{"name":"wp","href":"https:\/\/api.w.org\/{rel}","templated":true}]}}