{"id":9155,"date":"2025-08-17T20:16:58","date_gmt":"2025-08-18T01:16:58","guid":{"rendered":"https:\/\/www.elcapital.pe\/?p=9155"},"modified":"2025-08-17T20:16:58","modified_gmt":"2025-08-18T01:16:58","slug":"bolivia-sondeos-a-pie-de-urna-anticipan-balotaje-entre-rodrigo-paz-y-jorge-tuto-quiroga","status":"publish","type":"post","link":"http:\/\/www.elcapital.pe\/?p=9155","title":{"rendered":"BOLIVIA: SONDEOS A PIE DE URNA ANTICIPAN BALOTAJE ENTRE RODRIGO PAZ Y JORGE \u201cTUTO\u201d QUIROGA\u00a0"},"content":{"rendered":"\n<p>Unos 7,94 millones de bolivianos, dentro y fuera del pa\u00eds, estaban habilitados para votar este domingo en las elecciones generales que definir\u00e1n al presidente, vicepresidente y a los 166 miembros de la Asamblea Legislativa Plurinacional (130 diputados y 36 senadores) para el periodo 2025-2030.<\/p>\n\n\n\n<p>Las encuestas a pie de urna arrojaron una sorpresa: el centrista Rodrigo Paz lidera con el 31,3 % de los votos, seguido por el expresidente Jorge \u201cTuto\u201d Quiroga (27,3 %), ambos del espectro conservador. Ning\u00fan candidato alcanzar\u00eda el umbral para evitar la segunda vuelta, que exige m\u00e1s del 50 % o al menos 40 % con diez puntos de ventaja.<\/p>\n\n\n\n<p>Lo esencial<\/p>\n\n\n\n<p>El Tribunal Supremo Electoral inform\u00f3 que la jornada transcurri\u00f3 con normalidad, salvo incidentes aislados.<\/p>\n\n\n\n<p>En Cochabamba, un estruendo atribuido a un posible artefacto explosivo gener\u00f3 alarma antes de que votara el candidato Andr\u00f3nico Rodr\u00edguez. Tras sufragar, fue agredido con piedras.<\/p>\n\n\n\n<p>Los comicios se realizan en un contexto econ\u00f3mico adverso, marcado por escasez de d\u00f3lares, falta de combustible e inflaci\u00f3n hist\u00f3rica.<\/p>\n\n\n\n<p>Los sondeos previos ya anticipaban que ning\u00fan aspirante contaba con la ventaja suficiente para ganar en primera vuelta.<\/p>\n\n\n\n<p>Perfil de Rodrigo Paz<\/p>\n\n\n\n<p>El senador por Tarija, postulado por el Partido Dem\u00f3crata Cristiano, es hijo del expresidente Jaime Paz Zamora. Naci\u00f3 en Espa\u00f1a durante el exilio de su familia en la dictadura militar.<\/p>\n\n\n\n<p>Cr\u00edticas de Evo Morales<\/p>\n\n\n\n<p>El expresidente Evo Morales denunci\u00f3 que la OEA y la Uni\u00f3n Europea son \u201cc\u00f3mplices\u201d de un proceso en el que \u201cvotamos pero no elegimos\u201d. En una publicaci\u00f3n en X, critic\u00f3 la inhabilitaci\u00f3n de su candidatura por parte del Tribunal Constitucional y llam\u00f3 a sus seguidores a votar nulo como se\u00f1al de protesta.<\/p>\n","protected":false},"excerpt":{"rendered":"<p>Unos 7,94 millones de bolivianos, dentro y fuera del pa\u00eds, estaban habilitados para votar este domingo en las elecciones generales que definir\u00e1n al presidente, vicepresidente y a los 166 miembros de la Asamblea Legislativa Plurinacional (130 diputados y 36 senadores) para el periodo 2025-2030. Las encuestas a pie de urna arrojaron una sorpresa: el centrista [&hellip;]<\/p>\n","protected":false},"author":1,"featured_media":9156,"comment_status":"open","ping_status":"open","sticky":false,"template":"","format":"standard","meta":{"footnotes":""},"categories":[2],"tags":[],"class_list":["post-9155","post","type-post","status-publish","format-standard","has-post-thumbnail","hentry","category-actualidad"],"_links":{"self":[{"href":"http:\/\/www.elcapital.pe\/index.php?rest_route=\/wp\/v2\/posts\/9155","targetHints":{"allow":["GET"]}}],"collection":[{"href":"http:\/\/www.elcapital.pe\/index.php?rest_route=\/wp\/v2\/posts"}],"about":[{"href":"http:\/\/www.elcapital.pe\/index.php?rest_route=\/wp\/v2\/types\/post"}],"author":[{"embeddable":true,"href":"http:\/\/www.elcapital.pe\/index.php?rest_route=\/wp\/v2\/users\/1"}],"replies":[{"embeddable":true,"href":"http:\/\/www.elcapital.pe\/index.php?rest_route=%2Fwp%2Fv2%2Fcomments&post=9155"}],"version-history":[{"count":1,"href":"http:\/\/www.elcapital.pe\/index.php?rest_route=\/wp\/v2\/posts\/9155\/revisions"}],"predecessor-version":[{"id":9157,"href":"http:\/\/www.elcapital.pe\/index.php?rest_route=\/wp\/v2\/posts\/9155\/revisions\/9157"}],"wp:featuredmedia":[{"embeddable":true,"href":"http:\/\/www.elcapital.pe\/index.php?rest_route=\/wp\/v2\/media\/9156"}],"wp:attachment":[{"href":"http:\/\/www.elcapital.pe\/index.php?rest_route=%2Fwp%2Fv2%2Fmedia&parent=9155"}],"wp:term":[{"taxonomy":"category","embeddable":true,"href":"http:\/\/www.elcapital.pe\/index.php?rest_route=%2Fwp%2Fv2%2Fcategories&post=9155"},{"taxonomy":"post_tag","embeddable":true,"href":"http:\/\/www.elcapital.pe\/index.php?rest_route=%2Fwp%2Fv2%2Ftags&post=9155"}],"curies":[{"name":"wp","href":"https:\/\/api.w.org\/{rel}","templated":true}]}}