{"id":9133,"date":"2025-08-15T20:48:22","date_gmt":"2025-08-16T01:48:22","guid":{"rendered":"https:\/\/www.elcapital.pe\/?p=9133"},"modified":"2025-08-15T20:48:23","modified_gmt":"2025-08-16T01:48:23","slug":"dina-boluarte-anuncia-medidas-urgentes-para-desarrollo-de-santa-rosa-de-loreto","status":"publish","type":"post","link":"http:\/\/www.elcapital.pe\/?p=9133","title":{"rendered":"DINA BOLUARTE ANUNCIA MEDIDAS URGENTES PARA DESARROLLO DE SANTA ROSA DE LORETO\u00a0"},"content":{"rendered":"\n<p>La presidenta Dina Boluarte anunci\u00f3 hoy un paquete de medidas urgentes para el desarrollo del distrito de Santa Rosa de Loreto, a fin de reducir las brechas sociales y de infraestructura, y mejorar la calidad de vida de la poblaci\u00f3n de esta zona fronteriza con Colombia.<\/p>\n\n\n\n<p>\u201cEs verdad que por mucho tiempo nuestras poblaciones de frontera no han recibido la atenci\u00f3n que merecen. Eso termina ahora. He dispuesto que mi gobierno tome medidas urgentes para cambiar la situaci\u00f3n de olvido y postergaci\u00f3n\u201d, indic\u00f3.<\/p>\n\n\n\n<p>Dijo que las medidas extraordinarias y urgentes aprobadas por el Ejecutivo en materia administrativa, econ\u00f3mica y financiera facilitar\u00e1n la ejecuci\u00f3n oportuna de inversiones en transporte a\u00e9reo, fluvial y portuario en el distrito de Santa Rosa de Loreto y fortalecer\u00e1n la conectividad e integraci\u00f3n fronteriza.<\/p>\n\n\n\n<p>\u201cPor eso, ampliaremos de seis a 12 los viajes semanales en el tramo Iquitos &#8211; Santa Rosa; implementaremos un terminal portuario de carga; proveeremos adecuada conectividad digital a la poblaci\u00f3n, e instruiremos a CORPAC para implementar en Caballococha la atenci\u00f3n de vuelos, incluyendo una torre de control\u201d, detall\u00f3.<\/p>\n\n\n\n<p>Asegur\u00f3 tambi\u00e9n que se autoriz\u00f3 la transferencia de partidas a diversos ministerios, as\u00ed como al gobierno regional de Loreto, para el mantenimiento de los centros de salud local y de Caballococha, de instituciones educativas y para la creaci\u00f3n de un mercado de abastos flotante en Santa Rosa de Loreto.<\/p>\n\n\n\n<p>Asimismo, refiri\u00f3 que se impulsar\u00e1 la construcci\u00f3n del tambo Santa Rosa, se realizar\u00e1 el mantenimiento de infraestructura vial terrestre a trav\u00e9s de Foncodes, y con la nueva municipalidad distrital de Santa Rosa de Loreto se implementar\u00e1 la Defensor\u00eda Municipal de la Ni\u00f1a, Ni\u00f1o y Adolescentes y el Servicio Integral de Atenci\u00f3n al Adulto Mayor.<\/p>\n\n\n\n<p>\u201cCada familia que vive en Santa de Loreto contar\u00e1 con los servicios necesarios para desarrollar su vida con dignidad, seguridad y oportunidades\u201d,&nbsp; indic\u00f3 la mandataria durante la ceremonia c\u00edvica patri\u00f3tica que lider\u00f3 en la localidad de Santa Rosa de Loreto, fronteriza con Colombia y Brasil.<\/p>\n\n\n\n<p>En paralelo, la jefa de Estado anunci\u00f3 que se concluir\u00e1 la titulaci\u00f3n de predios en Santa Rosa de Loreto, se pondr\u00e1 en marcha una estrategia que permita la operaci\u00f3n y mantenimiento de plantas de tratamiento de agua potable as\u00ed como del sistemas de agua potable para el consumo humano.<\/p>\n\n\n\n<p>\u201cHermanas y hermanos de Santa Rosa de Loreto, tierra hermosa y 100% peruana, quiero enarbolar con orgullo nuestra blanca y roja, nuestra hermosa bandera. Que a nadie le quede la menor duda de que la isla Chiner\u00eda y su distrito Santa Rosa de Loreto son tan peruanos como la papa y como Machu Picchu\u201d, afirm\u00f3.<\/p>\n\n\n\n<p>Reitero que al Per\u00fa le asiste en la defensa de su soberan\u00eda los tratados, la raz\u00f3n y sobre todo el coraz\u00f3n.<\/p>\n\n\n\n<p>\u201cA nuestros hermanos de Leticia y de todo Colombia les decimos que queremos continuar viviendo en paz y trabajando conjuntamente para nuestro desarrollo, en especial en esta zona de frontera donde nuestros pueblos se encuentran\u201d, manifest\u00f3.<\/p>\n","protected":false},"excerpt":{"rendered":"<p>La presidenta Dina Boluarte anunci\u00f3 hoy un paquete de medidas urgentes para el desarrollo del distrito de Santa Rosa de Loreto, a fin de reducir las brechas sociales y de infraestructura, y mejorar la calidad de vida de la poblaci\u00f3n de esta zona fronteriza con Colombia. \u201cEs verdad que por mucho tiempo nuestras poblaciones de [&hellip;]<\/p>\n","protected":false},"author":1,"featured_media":9134,"comment_status":"open","ping_status":"open","sticky":false,"template":"","format":"standard","meta":{"footnotes":""},"categories":[3],"tags":[],"class_list":["post-9133","post","type-post","status-publish","format-standard","has-post-thumbnail","hentry","category-economia"],"_links":{"self":[{"href":"http:\/\/www.elcapital.pe\/index.php?rest_route=\/wp\/v2\/posts\/9133","targetHints":{"allow":["GET"]}}],"collection":[{"href":"http:\/\/www.elcapital.pe\/index.php?rest_route=\/wp\/v2\/posts"}],"about":[{"href":"http:\/\/www.elcapital.pe\/index.php?rest_route=\/wp\/v2\/types\/post"}],"author":[{"embeddable":true,"href":"http:\/\/www.elcapital.pe\/index.php?rest_route=\/wp\/v2\/users\/1"}],"replies":[{"embeddable":true,"href":"http:\/\/www.elcapital.pe\/index.php?rest_route=%2Fwp%2Fv2%2Fcomments&post=9133"}],"version-history":[{"count":1,"href":"http:\/\/www.elcapital.pe\/index.php?rest_route=\/wp\/v2\/posts\/9133\/revisions"}],"predecessor-version":[{"id":9135,"href":"http:\/\/www.elcapital.pe\/index.php?rest_route=\/wp\/v2\/posts\/9133\/revisions\/9135"}],"wp:featuredmedia":[{"embeddable":true,"href":"http:\/\/www.elcapital.pe\/index.php?rest_route=\/wp\/v2\/media\/9134"}],"wp:attachment":[{"href":"http:\/\/www.elcapital.pe\/index.php?rest_route=%2Fwp%2Fv2%2Fmedia&parent=9133"}],"wp:term":[{"taxonomy":"category","embeddable":true,"href":"http:\/\/www.elcapital.pe\/index.php?rest_route=%2Fwp%2Fv2%2Fcategories&post=9133"},{"taxonomy":"post_tag","embeddable":true,"href":"http:\/\/www.elcapital.pe\/index.php?rest_route=%2Fwp%2Fv2%2Ftags&post=9133"}],"curies":[{"name":"wp","href":"https:\/\/api.w.org\/{rel}","templated":true}]}}