{"id":9118,"date":"2025-08-14T21:34:02","date_gmt":"2025-08-15T02:34:02","guid":{"rendered":"https:\/\/www.elcapital.pe\/?p=9118"},"modified":"2025-08-14T21:34:02","modified_gmt":"2025-08-15T02:34:02","slug":"peru-ordena-priision-preventiva-a-dos-colombianos-detenidos-en-isla-en-disputa","status":"publish","type":"post","link":"http:\/\/www.elcapital.pe\/?p=9118","title":{"rendered":"PERU ORDENA PRIISION PREVENTIVA A DOS COLOMBIANOS DETENIDOS EN ISLA EN DISPUTA\u00a0"},"content":{"rendered":"\n<p>La justicia peruana dict\u00f3 prisi\u00f3n preventiva por siete d\u00edas contra dos ciudadanos colombianos arrestados el 12 de agosto en la isla Santa Rosa, en el r\u00edo Amazonas, territorio reclamado tanto por Per\u00fa como por Colombia. Los detenidos, Carlos S\u00e1nchez y John Amia, realizaban mediciones topogr\u00e1ficas y son investigados por un presunto delito contra la soberan\u00eda nacional, que podr\u00eda acarrearles hasta 15 a\u00f1os de c\u00e1rcel.<\/p>\n\n\n\n<p>El juez C\u00e9sar Vela indic\u00f3 que la medida busca permitir a la Fiscal\u00eda de Loreto continuar las pesquisas, mientras migraciones determina si su ingreso fue legal. Seg\u00fan el diario El Comercio, la hip\u00f3tesis fiscal es que los colombianos buscaban establecer que Santa Rosa pertenece a Colombia.<\/p>\n\n\n\n<p>La disputa se remonta al tratado de 1934 y al Protocolo de R\u00edo de Janeiro, que fijaron los l\u00edmites tras la guerra colombo-peruana. Bogot\u00e1 acusa a Lima de violar este acuerdo al declarar, en julio de 2025, que varias islas amaz\u00f3nicas son territorio peruano. El presidente Gustavo Petro calific\u00f3 la detenci\u00f3n de \u201csecuestro\u201d y reiter\u00f3 que Santa Rosa no ha sido adjudicada.<\/p>\n\n\n\n<p>Las tensiones crecieron luego de que el Congreso peruano declarara persona non grata al candidato colombiano Daniel Quintero, quien iz\u00f3 la bandera de su pa\u00eds en la isla. Lima rechaza la postura de Bogot\u00e1 y afirma que Santa Rosa es parte inalienable del Per\u00fa.<\/p>\n\n\n\n<p>En medio de la controversia, la presidenta Dina Boluarte viajar\u00e1 a la zona para encabezar una acci\u00f3n social y reafirmar la soberan\u00eda peruana. El vicecanciller Jorge Denegri inst\u00f3 a Colombia a evitar actos que da\u00f1en la relaci\u00f3n bilateral.<\/p>\n\n\n\n<p>Con Reuters, AP, AFP, EFE y medios locales.<\/p>\n","protected":false},"excerpt":{"rendered":"<p>La justicia peruana dict\u00f3 prisi\u00f3n preventiva por siete d\u00edas contra dos ciudadanos colombianos arrestados el 12 de agosto en la isla Santa Rosa, en el r\u00edo Amazonas, territorio reclamado tanto por Per\u00fa como por Colombia. Los detenidos, Carlos S\u00e1nchez y John Amia, realizaban mediciones topogr\u00e1ficas y son investigados por un presunto delito contra la soberan\u00eda [&hellip;]<\/p>\n","protected":false},"author":1,"featured_media":9119,"comment_status":"open","ping_status":"open","sticky":false,"template":"","format":"standard","meta":{"footnotes":""},"categories":[2],"tags":[],"class_list":["post-9118","post","type-post","status-publish","format-standard","has-post-thumbnail","hentry","category-actualidad"],"_links":{"self":[{"href":"http:\/\/www.elcapital.pe\/index.php?rest_route=\/wp\/v2\/posts\/9118","targetHints":{"allow":["GET"]}}],"collection":[{"href":"http:\/\/www.elcapital.pe\/index.php?rest_route=\/wp\/v2\/posts"}],"about":[{"href":"http:\/\/www.elcapital.pe\/index.php?rest_route=\/wp\/v2\/types\/post"}],"author":[{"embeddable":true,"href":"http:\/\/www.elcapital.pe\/index.php?rest_route=\/wp\/v2\/users\/1"}],"replies":[{"embeddable":true,"href":"http:\/\/www.elcapital.pe\/index.php?rest_route=%2Fwp%2Fv2%2Fcomments&post=9118"}],"version-history":[{"count":1,"href":"http:\/\/www.elcapital.pe\/index.php?rest_route=\/wp\/v2\/posts\/9118\/revisions"}],"predecessor-version":[{"id":9120,"href":"http:\/\/www.elcapital.pe\/index.php?rest_route=\/wp\/v2\/posts\/9118\/revisions\/9120"}],"wp:featuredmedia":[{"embeddable":true,"href":"http:\/\/www.elcapital.pe\/index.php?rest_route=\/wp\/v2\/media\/9119"}],"wp:attachment":[{"href":"http:\/\/www.elcapital.pe\/index.php?rest_route=%2Fwp%2Fv2%2Fmedia&parent=9118"}],"wp:term":[{"taxonomy":"category","embeddable":true,"href":"http:\/\/www.elcapital.pe\/index.php?rest_route=%2Fwp%2Fv2%2Fcategories&post=9118"},{"taxonomy":"post_tag","embeddable":true,"href":"http:\/\/www.elcapital.pe\/index.php?rest_route=%2Fwp%2Fv2%2Ftags&post=9118"}],"curies":[{"name":"wp","href":"https:\/\/api.w.org\/{rel}","templated":true}]}}