{"id":9115,"date":"2025-08-14T21:22:31","date_gmt":"2025-08-15T02:22:31","guid":{"rendered":"https:\/\/www.elcapital.pe\/?p=9115"},"modified":"2025-08-14T21:22:31","modified_gmt":"2025-08-15T02:22:31","slug":"crisis-economica-polarizacion-e-incertidumbre-extrema-asi-llega-bolivia-a-sus-presidenciales","status":"publish","type":"post","link":"http:\/\/www.elcapital.pe\/?p=9115","title":{"rendered":"CRISIS ECONOMICA, POLARIZACION E INCERTIDUMBRE EXTREMA: ASI LLEGA BOLIVIA A SUS PRESIDENCIALES\u00a0"},"content":{"rendered":"\n<p>Bolivia celebra elecciones presidenciales este domingo 17 de agosto en medio de su peor crisis econ\u00f3mica en cuatro d\u00e9cadas, una polarizaci\u00f3n pol\u00edtica sin precedentes y una profunda fragmentaci\u00f3n electoral. Por primera vez en casi 20 a\u00f1os, el izquierdista Movimiento al Socialismo (MAS) concurre sin un candidato con suficiente respaldo, mientras las encuestas apuntan a un giro hacia la derecha.<\/p>\n\n\n\n<p>Un escenario in\u00e9dito<\/p>\n\n\n\n<p>Los bolivianos acudir\u00e1n a las urnas para decidir qui\u00e9n tomar\u00e1 las riendas de un pa\u00eds exhausto por la crisis financiera, la confrontaci\u00f3n pol\u00edtica y el desgaste del modelo econ\u00f3mico vigente. Seg\u00fan los sondeos, se perfila una segunda vuelta dominada por candidatos de derecha, en un contexto donde la izquierda llega debilitada y dividida.<\/p>\n\n\n\n<p>Del ascenso de Morales al quiebre del MAS<\/p>\n\n\n\n<p>La historia pol\u00edtica reciente de Bolivia est\u00e1 marcada por la figura de Evo Morales, primer presidente ind\u00edgena del pa\u00eds y l\u00edder del MAS, que lleg\u00f3 al poder en 2006 con un programa de nacionalizaci\u00f3n de recursos y reconocimiento constitucional de los pueblos originarios. Gobern\u00f3 tres mandatos consecutivos (2006-2019), pero su insistencia en prolongarse en el cargo y las denuncias de fraude en las elecciones de 2019 derivaron en su renuncia y posterior exilio.<\/p>\n\n\n\n<p>Su salida desencaden\u00f3 semanas de protestas violentas que llevaron a la entonces vicepresidenta del Senado, Jeanine \u00c1\u00f1ez, a asumir la presidencia interina y convocar elecciones para 2020, en las que Luis Arce, exministro de Econom\u00eda de Morales, gan\u00f3 con un 55% de los votos.<\/p>\n\n\n\n<p>De aliados a rivales<\/p>\n\n\n\n<p>La relaci\u00f3n entre Arce y Morales se deterior\u00f3 r\u00e1pidamente. El expresidente exigi\u00f3 cambios en el gabinete y, ante la negativa de Arce, comenzaron los ataques cruzados. El MAS qued\u00f3 fracturado entre \u2018evistas\u2019 y \u2018arcistas\u2019, con episodios de violencia interna como el congreso campesino de 2023 en El Alto, que dej\u00f3 800 heridos.<\/p>\n\n\n\n<p>La inhabilitaci\u00f3n de Morales como candidato por el Tribunal Constitucional acentu\u00f3 la crisis interna. Andr\u00f3nico Rodr\u00edguez, presidente del Senado y visto como figura de consenso, fue acusado por Morales de traici\u00f3n, debilitando a\u00fan m\u00e1s las posibilidades electorales del partido.<\/p>\n\n\n\n<p>La izquierda sin rumbo<\/p>\n\n\n\n<p>Hoy, el MAS compite con dos candidaturas \u2014Rodr\u00edguez y el exministro Eduardo del Castillo\u2014 que carecen del respaldo masivo que tuvo Morales. Para analistas como Gustavo Flores-Mac\u00edas, de la Universidad de Cornell, el partido \u201ctorpede\u00f3 sus posibilidades\u201d de retener el poder.<\/p>\n\n\n\n<p>El avance de la derecha<\/p>\n\n\n\n<p>Las encuestas, como la de Ipsos Ciesmori difundida por Unitel, Red Uno y Cadena A, colocan en primer lugar al empresario Samuel Doria Medina (21,2%), seguido por el expresidente Jorge \u2018Tuto\u2019 Quiroga (20%). Doria Medina, apodado el \u201ccandidato eterno\u201d, busca en su cuarta postulaci\u00f3n llegar finalmente a la presidencia. Quiroga, presidente interino en 2001 tras la renuncia de Hugo Banzer, intenta volver al Palacio Quemado con un mandato propio.<\/p>\n\n\n\n<p>De potencia gas\u00edfera a econom\u00eda en terapia intensiva<\/p>\n\n\n\n<p>El pr\u00f3ximo presidente recibir\u00e1 un pa\u00eds con una inflaci\u00f3n anual del 24,8% (julio) y sin reservas internacionales suficientes para sostener el gasto p\u00fablico. Las exportaciones de gas, antes motor econ\u00f3mico, se han desplomado desde 2017. La escasez de d\u00f3lares ha frenado las importaciones de combustible y bienes b\u00e1sicos, lo que ha generado largas filas para comprar gasolina, medicamentos y pan subsidiado \u2014hoy reducido a casi la mitad de su tama\u00f1o habitual\u2014.<\/p>\n\n\n\n<p>Con un electorado cansado y desconfiado tanto de la derecha como de la izquierda, las elecciones de este 17 de agosto podr\u00edan marcar un punto de quiebre en el rumbo pol\u00edtico y econ\u00f3mico de Bolivia.<\/p>\n\n\n\n<p>Con EFE, AP, Reuters y medios locales<\/p>\n","protected":false},"excerpt":{"rendered":"<p>Bolivia celebra elecciones presidenciales este domingo 17 de agosto en medio de su peor crisis econ\u00f3mica en cuatro d\u00e9cadas, una polarizaci\u00f3n pol\u00edtica sin precedentes y una profunda fragmentaci\u00f3n electoral. Por primera vez en casi 20 a\u00f1os, el izquierdista Movimiento al Socialismo (MAS) concurre sin un candidato con suficiente respaldo, mientras las encuestas apuntan a un [&hellip;]<\/p>\n","protected":false},"author":1,"featured_media":9116,"comment_status":"open","ping_status":"open","sticky":false,"template":"","format":"standard","meta":{"footnotes":""},"categories":[2],"tags":[],"class_list":["post-9115","post","type-post","status-publish","format-standard","has-post-thumbnail","hentry","category-actualidad"],"_links":{"self":[{"href":"http:\/\/www.elcapital.pe\/index.php?rest_route=\/wp\/v2\/posts\/9115","targetHints":{"allow":["GET"]}}],"collection":[{"href":"http:\/\/www.elcapital.pe\/index.php?rest_route=\/wp\/v2\/posts"}],"about":[{"href":"http:\/\/www.elcapital.pe\/index.php?rest_route=\/wp\/v2\/types\/post"}],"author":[{"embeddable":true,"href":"http:\/\/www.elcapital.pe\/index.php?rest_route=\/wp\/v2\/users\/1"}],"replies":[{"embeddable":true,"href":"http:\/\/www.elcapital.pe\/index.php?rest_route=%2Fwp%2Fv2%2Fcomments&post=9115"}],"version-history":[{"count":1,"href":"http:\/\/www.elcapital.pe\/index.php?rest_route=\/wp\/v2\/posts\/9115\/revisions"}],"predecessor-version":[{"id":9117,"href":"http:\/\/www.elcapital.pe\/index.php?rest_route=\/wp\/v2\/posts\/9115\/revisions\/9117"}],"wp:featuredmedia":[{"embeddable":true,"href":"http:\/\/www.elcapital.pe\/index.php?rest_route=\/wp\/v2\/media\/9116"}],"wp:attachment":[{"href":"http:\/\/www.elcapital.pe\/index.php?rest_route=%2Fwp%2Fv2%2Fmedia&parent=9115"}],"wp:term":[{"taxonomy":"category","embeddable":true,"href":"http:\/\/www.elcapital.pe\/index.php?rest_route=%2Fwp%2Fv2%2Fcategories&post=9115"},{"taxonomy":"post_tag","embeddable":true,"href":"http:\/\/www.elcapital.pe\/index.php?rest_route=%2Fwp%2Fv2%2Ftags&post=9115"}],"curies":[{"name":"wp","href":"https:\/\/api.w.org\/{rel}","templated":true}]}}