{"id":9109,"date":"2025-08-14T21:02:25","date_gmt":"2025-08-15T02:02:25","guid":{"rendered":"https:\/\/www.elcapital.pe\/?p=9109"},"modified":"2025-08-14T21:02:25","modified_gmt":"2025-08-15T02:02:25","slug":"martin-vizcarra-en-el-penal-de-barbadillo-asi-es-su-celda","status":"publish","type":"post","link":"http:\/\/www.elcapital.pe\/?p=9109","title":{"rendered":"MARTIN VIZCARRA EN EL PENAL DE BARBADILLO: ASI ES SU CELDA"},"content":{"rendered":"\n<p>El expresidente Mart\u00edn Vizcarra Cornejo fue trasladado al Establecimiento Penitenciario Barbadillo, donde cumplir\u00e1 cinco meses de prisi\u00f3n preventiva mientras afronta un proceso por presuntos sobornos vinculados a los megaproyectos Lomas de Ilo y Hospital Regional de Moquegua, cuando era gobernador regional (2011-2014). La medida fue dictada por el Poder Judicial y confirmada por el Instituto Nacional Penitenciario (INPE).<\/p>\n\n\n\n<p>El INPE asegur\u00f3 que garantizar\u00e1 el respeto de sus derechos fundamentales y el estricto cumplimiento del r\u00e9gimen penitenciario establecido por ley. Con su ingreso, Barbadillo suma a su historial al quinto exmandatario recluido en sus instalaciones, un hecho sin precedentes en la historia reciente del pa\u00eds.<\/p>\n\n\n\n<p>Un penal exclusivo<\/p>\n\n\n\n<p>Ubicado dentro de la Direcci\u00f3n de Operaciones Especiales (Diroes) de la Polic\u00eda Nacional, en Ate, Barbadillo fue inaugurado en 2007 para albergar exclusivamente a Alberto Fujimori tras su extradici\u00f3n desde Chile.<\/p>\n\n\n\n<p>Las celdas, de 15 metros cuadrados, cuentan con cama, mesa, ba\u00f1o privado y \u00e1rea para visitas, condiciones muy distintas a las de la mayor\u00eda de c\u00e1rceles peruanas, caracterizadas por el hacinamiento.<\/p>\n\n\n\n<p>Lista de expresidentes internos<\/p>\n\n\n\n<p>A lo largo de los a\u00f1os, este penal ha recibido a otros exmandatarios:<\/p>\n\n\n\n<p>Alberto Fujimori, su primer interno, cumpli\u00f3 all\u00ed 16 a\u00f1os de prisi\u00f3n.<\/p>\n\n\n\n<p>Pedro Castillo, detenido en 2022 tras intentar disolver el Congreso.<\/p>\n\n\n\n<p>Alejandro Toledo, extraditado en 2023 desde Estados Unidos y condenado por colusi\u00f3n.<\/p>\n\n\n\n<p>Ollanta Humala, sentenciado en 2025 por lavado de activos.<\/p>\n\n\n\n<p>Ahora, Vizcarra comparte reclusi\u00f3n con algunos de ellos mientras enfrenta su proceso judicial en un penal dise\u00f1ado para albergar a figuras pol\u00edticas de alto perfil.<\/p>\n","protected":false},"excerpt":{"rendered":"<p>El expresidente Mart\u00edn Vizcarra Cornejo fue trasladado al Establecimiento Penitenciario Barbadillo, donde cumplir\u00e1 cinco meses de prisi\u00f3n preventiva mientras afronta un proceso por presuntos sobornos vinculados a los megaproyectos Lomas de Ilo y Hospital Regional de Moquegua, cuando era gobernador regional (2011-2014). La medida fue dictada por el Poder Judicial y confirmada por el Instituto [&hellip;]<\/p>\n","protected":false},"author":1,"featured_media":9110,"comment_status":"open","ping_status":"open","sticky":false,"template":"","format":"standard","meta":{"footnotes":""},"categories":[2],"tags":[],"class_list":["post-9109","post","type-post","status-publish","format-standard","has-post-thumbnail","hentry","category-actualidad"],"_links":{"self":[{"href":"http:\/\/www.elcapital.pe\/index.php?rest_route=\/wp\/v2\/posts\/9109","targetHints":{"allow":["GET"]}}],"collection":[{"href":"http:\/\/www.elcapital.pe\/index.php?rest_route=\/wp\/v2\/posts"}],"about":[{"href":"http:\/\/www.elcapital.pe\/index.php?rest_route=\/wp\/v2\/types\/post"}],"author":[{"embeddable":true,"href":"http:\/\/www.elcapital.pe\/index.php?rest_route=\/wp\/v2\/users\/1"}],"replies":[{"embeddable":true,"href":"http:\/\/www.elcapital.pe\/index.php?rest_route=%2Fwp%2Fv2%2Fcomments&post=9109"}],"version-history":[{"count":1,"href":"http:\/\/www.elcapital.pe\/index.php?rest_route=\/wp\/v2\/posts\/9109\/revisions"}],"predecessor-version":[{"id":9111,"href":"http:\/\/www.elcapital.pe\/index.php?rest_route=\/wp\/v2\/posts\/9109\/revisions\/9111"}],"wp:featuredmedia":[{"embeddable":true,"href":"http:\/\/www.elcapital.pe\/index.php?rest_route=\/wp\/v2\/media\/9110"}],"wp:attachment":[{"href":"http:\/\/www.elcapital.pe\/index.php?rest_route=%2Fwp%2Fv2%2Fmedia&parent=9109"}],"wp:term":[{"taxonomy":"category","embeddable":true,"href":"http:\/\/www.elcapital.pe\/index.php?rest_route=%2Fwp%2Fv2%2Fcategories&post=9109"},{"taxonomy":"post_tag","embeddable":true,"href":"http:\/\/www.elcapital.pe\/index.php?rest_route=%2Fwp%2Fv2%2Ftags&post=9109"}],"curies":[{"name":"wp","href":"https:\/\/api.w.org\/{rel}","templated":true}]}}