{"id":9106,"date":"2025-08-14T20:51:54","date_gmt":"2025-08-15T01:51:54","guid":{"rendered":"https:\/\/www.elcapital.pe\/?p=9106"},"modified":"2025-08-14T20:51:54","modified_gmt":"2025-08-15T01:51:54","slug":"trump-despliega-tropas-y-asume-control-federalde-washington-d-c","status":"publish","type":"post","link":"http:\/\/www.elcapital.pe\/?p=9106","title":{"rendered":"TRUMP DESPLIEGA TROPAS Y ASUME CONTROL FEDERALDE WASHINGTON D.C.\u00a0"},"content":{"rendered":"\n<p>El presidente de Estados Unidos, Donald Trump, reconoci\u00f3 este jueves (14.08.2025) que no sigui\u00f3 \u201cal pie de la letra\u201d las reglas para desplegar a la Guardia Nacional en Washington D.C. y tomar el control federal de la Polic\u00eda Metropolitana, en medio de crecientes tensiones por las protestas contra los operativos nocturnos de agencias federales.<\/p>\n\n\n\n<p>El mandatario justific\u00f3 su decisi\u00f3n se\u00f1alando que, cuando ha permitido que gobernadores y alcaldes dem\u00f3cratas manejen crisis similares, \u201cno han actuado apropiadamente\u201d. \u201cLa \u00faltima vez segu\u00ed cada peque\u00f1o edicto y regla perfectamente\u2026 y lo arruinaron por completo\u201d, declar\u00f3 a Fox News Radio.<\/p>\n\n\n\n<p>Emergencia y despliegue masivo<\/p>\n\n\n\n<p>El pasado lunes, Trump declar\u00f3 una Emergencia de Seguridad P\u00fablica de 30 d\u00edas y orden\u00f3 el despliegue de 800 miembros de la Guardia Nacional, adem\u00e1s de la federalizaci\u00f3n temporal de la polic\u00eda local. Asegur\u00f3 que la medida responde a que \u201cel crimen est\u00e1 fuera de control\u201d, pese a que las cifras oficiales indican que los homicidios, aunque a\u00fan elevados, est\u00e1n en su nivel m\u00e1s bajo en d\u00e9cadas.<\/p>\n\n\n\n<p>El presidente tambi\u00e9n cit\u00f3 como antecedente el ataque, a inicios de agosto, contra Edward Coristine, programador del Departamento de Eficiencia Gubernamental (DOGE).<\/p>\n\n\n\n<p>Refuerzo federal y operativos conjuntos<\/p>\n\n\n\n<p>Desde la noche del mi\u00e9rcoles, agentes del FBI, DEA e ICE han intensificado los patrullajes en turnos de 24 horas, con puntos de control en varias zonas. En la Explanada Nacional se desplegaron veh\u00edculos blindados y tropas para lo que Trump describe como una \u201cola de cr\u00edmenes\u201d, contradicha por las autoridades locales.<\/p>\n\n\n\n<p>Seg\u00fan la portavoz de la Casa Blanca, Karoline Leavitt, un grupo de trabajo multiagencia \u2014integrado por 19 entidades\u2014 realiz\u00f3 operaciones en siete distritos de la capital bajo coordinaci\u00f3n de la fiscal general, Pam Bondi, y el secretario de Defensa, Pete Hegseth.<\/p>\n\n\n\n<p>Las acciones dejaron 45 arrestos por delitos de agresi\u00f3n y narcotr\u00e1fico, as\u00ed como la detenci\u00f3n de 29 inmigrantes indocumentados, \u201cmuchos con \u00f3rdenes definitivas de deportaci\u00f3n\u201d, seg\u00fan Leavitt.<\/p>\n\n\n\n<p>Choques con residentes y tensiones pol\u00edticas<\/p>\n\n\n\n<p>Pese a la fuerte presencia policial, el ambiente en la ciudad se torn\u00f3 tenso. Hubo enfrentamientos entre vecinos y agentes, incluyendo la detenci\u00f3n de un exempleado del Departamento de Justicia acusado de golpear a un oficial con un s\u00e1ndwich.<\/p>\n\n\n\n<p>La jefa de polic\u00eda local, Pamela Smith, emiti\u00f3 este jueves una orden ejecutiva para limitar la cooperaci\u00f3n con ICE, prohibiendo interrogatorios sobre estatus migratorio y detenciones sin orden judicial, en l\u00ednea con las leyes del Distrito de Columbia, gobernado por dem\u00f3cratas.<\/p>\n\n\n\n<p>Trump, por su parte, adelant\u00f3 que buscar\u00e1 extender el control federal m\u00e1s all\u00e1 de los 30 d\u00edas que permite la ley, al considerar insuficiente ese plazo para \u201ccombatir el crimen\u201d en la capital.<\/p>\n","protected":false},"excerpt":{"rendered":"<p>El presidente de Estados Unidos, Donald Trump, reconoci\u00f3 este jueves (14.08.2025) que no sigui\u00f3 \u201cal pie de la letra\u201d las reglas para desplegar a la Guardia Nacional en Washington D.C. y tomar el control federal de la Polic\u00eda Metropolitana, en medio de crecientes tensiones por las protestas contra los operativos nocturnos de agencias federales. El [&hellip;]<\/p>\n","protected":false},"author":1,"featured_media":9107,"comment_status":"open","ping_status":"open","sticky":false,"template":"","format":"standard","meta":{"footnotes":""},"categories":[2],"tags":[],"class_list":["post-9106","post","type-post","status-publish","format-standard","has-post-thumbnail","hentry","category-actualidad"],"_links":{"self":[{"href":"http:\/\/www.elcapital.pe\/index.php?rest_route=\/wp\/v2\/posts\/9106","targetHints":{"allow":["GET"]}}],"collection":[{"href":"http:\/\/www.elcapital.pe\/index.php?rest_route=\/wp\/v2\/posts"}],"about":[{"href":"http:\/\/www.elcapital.pe\/index.php?rest_route=\/wp\/v2\/types\/post"}],"author":[{"embeddable":true,"href":"http:\/\/www.elcapital.pe\/index.php?rest_route=\/wp\/v2\/users\/1"}],"replies":[{"embeddable":true,"href":"http:\/\/www.elcapital.pe\/index.php?rest_route=%2Fwp%2Fv2%2Fcomments&post=9106"}],"version-history":[{"count":1,"href":"http:\/\/www.elcapital.pe\/index.php?rest_route=\/wp\/v2\/posts\/9106\/revisions"}],"predecessor-version":[{"id":9108,"href":"http:\/\/www.elcapital.pe\/index.php?rest_route=\/wp\/v2\/posts\/9106\/revisions\/9108"}],"wp:featuredmedia":[{"embeddable":true,"href":"http:\/\/www.elcapital.pe\/index.php?rest_route=\/wp\/v2\/media\/9107"}],"wp:attachment":[{"href":"http:\/\/www.elcapital.pe\/index.php?rest_route=%2Fwp%2Fv2%2Fmedia&parent=9106"}],"wp:term":[{"taxonomy":"category","embeddable":true,"href":"http:\/\/www.elcapital.pe\/index.php?rest_route=%2Fwp%2Fv2%2Fcategories&post=9106"},{"taxonomy":"post_tag","embeddable":true,"href":"http:\/\/www.elcapital.pe\/index.php?rest_route=%2Fwp%2Fv2%2Ftags&post=9106"}],"curies":[{"name":"wp","href":"https:\/\/api.w.org\/{rel}","templated":true}]}}