{"id":9082,"date":"2025-08-13T21:41:33","date_gmt":"2025-08-14T02:41:33","guid":{"rendered":"https:\/\/www.elcapital.pe\/?p=9082"},"modified":"2025-08-13T21:41:33","modified_gmt":"2025-08-14T02:41:33","slug":"gira-oficial-del-peru-a-japon-fortalecio-lazos-para-un-comercio-bilateral-creciente","status":"publish","type":"post","link":"http:\/\/www.elcapital.pe\/?p=9082","title":{"rendered":"GIRA OFICIAL DEL PERU A JAPON FORTALECIO LAZOS PARA UN COMERCIO BILATERAL CRECIENTE\u00a0"},"content":{"rendered":"\n<p>Permiti\u00f3 mostrar un pa\u00eds abierto a las inversiones a los empresarios japoneses<\/p>\n\n\n\n<p>La gira oficial que realiz\u00f3 el Per\u00fa a Jap\u00f3n, encabezada por la presidenta de la Rep\u00fablica, Dina Boluarte y una delegaci\u00f3n de ministros y empresarios peruanos, permiti\u00f3 fortalecer los lazos entre ambas naciones para un comercio bilateral creciente, destac\u00f3 hoy la ministra de Comercio Exterior y Turismo, Desil\u00fa Le\u00f3n Chemp\u00e9n.<\/p>\n\n\n\n<p>As\u00ed lo manifest\u00f3 en conferencia tras el Consejo de Ministros realizado en Palacio de Gobierno, donde detall\u00f3 los resultados de la visita oficial de Estado a los pa\u00edses de Jap\u00f3n e Indonesia.<\/p>\n\n\n\n<p>Refiri\u00f3 que el recibimiento del emperador de Jap\u00f3n Naruhito a la presidenta Dina Boluarte es un hecho hist\u00f3rico, porque es la quinta mandataria que recibe el emperador durante su periodo a la fecha.<\/p>\n\n\n\n<p>\u201cRealmente eso ha permitido fortalecer esos lazos entre ambos pa\u00edses que tenemos, tanta historia que tenemos, tantas cosas en com\u00fan y con los cuales nos unen lazos importantes, pero sobre todo un comercio bilateral creciente\u201d, subray\u00f3 la ministra Desil\u00fa Le\u00f3n.<\/p>\n\n\n\n<p>Asimismo, destac\u00f3 que la presencia de la presidenta Boluarte en la gira oficial ha permitido generar un importante espacio para el Per\u00fa tanto en Jap\u00f3n e Indonesia, pa\u00edses que son socios estrat\u00e9gicos para el desarrollo las inversiones y el comercio internacional del Per\u00fa.<\/p>\n\n\n\n<p>En Jap\u00f3n se\u00f1al\u00f3 que la presidenta Boluarte, en la 16 reuni\u00f3n del Consejo Empresarial Peruano Japon\u00e9s (Cepeja), present\u00f3 una cartera de inversiones para realizar en Per\u00fa de aproximadamente 17,300 millones de d\u00f3lares, de los cuales 8,200 millones de d\u00f3lares est\u00e1n concentrados aproximadamente en 25 proyectos de inversi\u00f3n para su adjudicaci\u00f3n durante el a\u00f1o 2025.<\/p>\n\n\n\n<p>\u201cEso ha sido importante porque ella misma (la presidenta Boluarte) ha presentado esta cartera de inversiones\u201d, subray\u00f3.<\/p>\n\n\n\n<p>Comercio bilateral<\/p>\n\n\n\n<p>En lo que respecta al Ministerio Comercio, Exterior y Turismo (Mincetur), refiri\u00f3 que se present\u00f3 una cartera aproximadamente de 1,100 millones de d\u00f3lares en proyectos agr\u00edcolas, pesqueros, manufacturas ligeras, entre otros que son de creciente inter\u00e9s del mercado japon\u00e9s.<\/p>\n\n\n\n<p>Asimismo, indic\u00f3 que se present\u00f3 al Per\u00fa como un pa\u00eds con un marco jur\u00eddico estable y abierto a las inversiones, y que el ministro de Econom\u00eda y Finanzas, Ra\u00fal P\u00e9rez Reyes, destac\u00f3 las fortalezas macroecon\u00f3micas del pa\u00eds, como el tener la inflaci\u00f3n m\u00e1s baja de la regi\u00f3n, y el segundo lugar con el menor riesgo pa\u00eds y el expectante crecimiento econ\u00f3mico.<\/p>\n\n\n\n<p>\u201cAdicionalmente se ha podido llevar el mensaje de lo que tenemos actualmente como pa\u00eds para ofrecer a las diversas econom\u00edas, como son nuestros 23 tratados de libre comercio que est\u00e1n actualmente en vigor, que nos permiten acceder a m\u00e1s de 58 pa\u00edses con ventajas competitivas realmente importantes\u201d, explic\u00f3.<\/p>\n\n\n\n<p>\u201cSumado a esto tambi\u00e9n se ha podido informar sobre la modernizaci\u00f3n log\u00edstica que tiene actualmente el pa\u00eds con megaproyectos como el puerto de Chancay que permiten aminorar los tiempos de traslado de nuestros productos al Asia pr\u00e1cticamente en un 50% de lo que representaba los tiempos antes de la inauguraci\u00f3n de este megapuerto\u201d, agreg\u00f3.<\/p>\n\n\n\n<p>Tambi\u00e9n indic\u00f3 que se inform\u00f3 ante los inversores japoneses, los nuevos modelos de zonas econ\u00f3micas especiales privadas con incentivos tributarios y los reg\u00edmenes aduaneros especializados del Per\u00fa, as\u00ed como tambi\u00e9n la nueva Ley General de Turismo que contiene un cap\u00edtulo de inversiones para zonas especiales de desarrollo tur\u00edstico sostenibles.<\/p>\n\n\n\n<p>\u201cAsimismo tambi\u00e9n, la presidenta de la Rep\u00fablica junto a los ministros de Estado participaron en lo que se refiere al Invest Day Jap\u00f3n que ha sido un evento organizado por Mincetur y Promper\u00fa en el que se present\u00f3 la renovada agenda de atracci\u00f3n de inversiones centrada en agroindustria moderna, energ\u00edas renovables, servicios tecnol\u00f3gicos y manufactura avanzada ante m\u00e1s de 135 empresarios y representantes de ambos pa\u00edses\u201d, explic\u00f3.<\/p>\n\n\n\n<p>La titular del Mincetur, destac\u00f3 que agroindustria el Per\u00fa lidera la exportaci\u00f3n mundial de ar\u00e1ndanos, uvas y quinua y ocupa el segundo lugar en palta, esp\u00e1rrago y nuez amaz\u00f3nica.<\/p>\n\n\n\n<p>\u201cAs\u00ed que nosotros tenemos una gran producci\u00f3n que ofrecer al mercado asi\u00e1tico y realmente esto es lo que se ha mostrado en estas ruedas tanto de negocios, como estos eventos en los cuales hemos participado\u201d, subray\u00f3.<\/p>\n\n\n\n<p>Turismo<\/p>\n\n\n\n<p>Tambi\u00e9n refiri\u00f3 que participaron en la Expo 2025 Osaka-Kansai en donde el Per\u00fa tiene un pabell\u00f3n, el cual hasta fines de julio de este a\u00f1o ha recibido la visita de alrededor 800,000 personas.<\/p>\n\n\n\n<p>\u201cTenemos proyectado que hasta octubre pudi\u00e9ramos llegar a m\u00e1s de un mill\u00f3n 200,000 visitantes, lo cual permite mostrar nuestra cultura, permite mostrar nuestro superfoods, la belleza y la grandeza del Per\u00fa y lo enorme que es en su cultura, pero tambi\u00e9n en sus productos y destinos tur\u00edsticos\u201d, indic\u00f3.<\/p>\n\n\n\n<p>\u201cTambi\u00e9n como parte de este de este viaje a Jap\u00f3n se pudo suscribir el memor\u00e1ndum de cooperaci\u00f3n en el campo de turismo, suscrito entre el Mincetur y la Agencia Japonesa de Turismo, en el cual podemos ya trazarnos algunos objetivos en com\u00fan para posicionar al Per\u00fa como un destino tur\u00edstico sostenible y de gran atractivo para el mercado asi\u00e1tico\u201d, agreg\u00f3.<\/p>\n\n\n\n<p>En lo que refiere al arribo de turistas japoneses al Per\u00fa en el 2024, indic\u00f3 que ha crecido un 86% respecto al 2023.<\/p>\n\n\n\n<p>\u201cAs\u00ed que esperamos que con este memor\u00e1ndum de entendimiento podamos poder seguir fortaleciendo esos lazos e incrementando las posibilidades de llegada de turistas a nuestro a nuestro pa\u00eds\u201d, agreg\u00f3.<\/p>\n\n\n\n<p>Expo Osaka-Kansai<\/p>\n\n\n\n<p>La titular del Mincetur, se\u00f1al\u00f3 que tambi\u00e9n participaron en el Peruvian Day o D\u00eda Nacional del Per\u00fa en la feria internacional Expo 2025 Osaka-Kansai.<\/p>\n\n\n\n<p>\u201cEn el cual particip\u00f3 la Presidenta de la Rep\u00fablica (Dina Boluarte) junto a los ministros que estuvimos ah\u00ed en la feria y esta jornada tambi\u00e9n coincid\u00eda con la reciente conmemoraci\u00f3n de la Independencia Nacional y con el D\u00eda Internacional de los pueblos ind\u00edgenas establecido por las Naciones Unidas\u201d, explic\u00f3.<\/p>\n\n\n\n<p>Finalmente, refiri\u00f3 que bajo el lema de \u201cInfinitas posibilidades\u201d, el pabell\u00f3n de Per\u00fa muestra la riqueza cultural, hist\u00f3rica y natural del Per\u00fa en la feria internacional de Osaka.<\/p>\n\n\n\n<p>\u201cHay que recordar que ah\u00ed participan 153 pa\u00edses en esa feria y el potencial de visitas es de aproximadamente 27 millones de personas que visitan esta feria durante los 6 meses\u201d puntualiz\u00f3.<\/p>\n","protected":false},"excerpt":{"rendered":"<p>Permiti\u00f3 mostrar un pa\u00eds abierto a las inversiones a los empresarios japoneses La gira oficial que realiz\u00f3 el Per\u00fa a Jap\u00f3n, encabezada por la presidenta de la Rep\u00fablica, Dina Boluarte y una delegaci\u00f3n de ministros y empresarios peruanos, permiti\u00f3 fortalecer los lazos entre ambas naciones para un comercio bilateral creciente, destac\u00f3 hoy la ministra de [&hellip;]<\/p>\n","protected":false},"author":1,"featured_media":9083,"comment_status":"open","ping_status":"open","sticky":false,"template":"","format":"standard","meta":{"footnotes":""},"categories":[3],"tags":[],"class_list":["post-9082","post","type-post","status-publish","format-standard","has-post-thumbnail","hentry","category-economia"],"_links":{"self":[{"href":"http:\/\/www.elcapital.pe\/index.php?rest_route=\/wp\/v2\/posts\/9082","targetHints":{"allow":["GET"]}}],"collection":[{"href":"http:\/\/www.elcapital.pe\/index.php?rest_route=\/wp\/v2\/posts"}],"about":[{"href":"http:\/\/www.elcapital.pe\/index.php?rest_route=\/wp\/v2\/types\/post"}],"author":[{"embeddable":true,"href":"http:\/\/www.elcapital.pe\/index.php?rest_route=\/wp\/v2\/users\/1"}],"replies":[{"embeddable":true,"href":"http:\/\/www.elcapital.pe\/index.php?rest_route=%2Fwp%2Fv2%2Fcomments&post=9082"}],"version-history":[{"count":1,"href":"http:\/\/www.elcapital.pe\/index.php?rest_route=\/wp\/v2\/posts\/9082\/revisions"}],"predecessor-version":[{"id":9084,"href":"http:\/\/www.elcapital.pe\/index.php?rest_route=\/wp\/v2\/posts\/9082\/revisions\/9084"}],"wp:featuredmedia":[{"embeddable":true,"href":"http:\/\/www.elcapital.pe\/index.php?rest_route=\/wp\/v2\/media\/9083"}],"wp:attachment":[{"href":"http:\/\/www.elcapital.pe\/index.php?rest_route=%2Fwp%2Fv2%2Fmedia&parent=9082"}],"wp:term":[{"taxonomy":"category","embeddable":true,"href":"http:\/\/www.elcapital.pe\/index.php?rest_route=%2Fwp%2Fv2%2Fcategories&post=9082"},{"taxonomy":"post_tag","embeddable":true,"href":"http:\/\/www.elcapital.pe\/index.php?rest_route=%2Fwp%2Fv2%2Ftags&post=9082"}],"curies":[{"name":"wp","href":"https:\/\/api.w.org\/{rel}","templated":true}]}}