{"id":9073,"date":"2025-08-12T23:10:29","date_gmt":"2025-08-13T04:10:29","guid":{"rendered":"https:\/\/www.elcapital.pe\/?p=9073"},"modified":"2025-08-12T23:10:29","modified_gmt":"2025-08-13T04:10:29","slug":"trump-amenaza-con-demandar-al-presidente-de-la-reserva-federal","status":"publish","type":"post","link":"http:\/\/www.elcapital.pe\/?p=9073","title":{"rendered":"TRUMP AMENAZA CON DEMANDAR AL PRESIDENTE DE LA RESERVA FEDERAL\u00a0"},"content":{"rendered":"\n<p>El presidente de Estados Unidos, Donald Trump, intensific\u00f3 este martes (12.08.2025) sus cr\u00edticas contra Jerome Powell, titular de la Reserva Federal, al amenazar con demandarlo por los sobrecostos en la renovaci\u00f3n de la sede del organismo y por negarse a reducir las tasas de inter\u00e9s.<\/p>\n\n\n\n<p>En su red Truth Social, Trump acus\u00f3 a Powell de \u201cincompetencia\u201d y afirm\u00f3 que el presupuesto del proyecto pas\u00f3 de 50 millones a 3.000 millones de d\u00f3lares, con un sobrecosto estimado en 700 millones seg\u00fan la Oficina de Presupuesto de la Casa Blanca. El mandatario exigi\u00f3 una rebaja inmediata de tasas, que se mantienen entre 4,25 % y 4,5 % desde diciembre de 2024.<\/p>\n\n\n\n<p>Powell ha defendido su postura, argumentando cautela frente a la inflaci\u00f3n, que en julio se situ\u00f3 en 2,7 % interanual. La pr\u00f3xima reuni\u00f3n de la Fed est\u00e1 prevista para el 16 y 17 de septiembre.<\/p>\n\n\n\n<p>(Con EFE y Reuters)<\/p>\n","protected":false},"excerpt":{"rendered":"<p>El presidente de Estados Unidos, Donald Trump, intensific\u00f3 este martes (12.08.2025) sus cr\u00edticas contra Jerome Powell, titular de la Reserva Federal, al amenazar con demandarlo por los sobrecostos en la renovaci\u00f3n de la sede del organismo y por negarse a reducir las tasas de inter\u00e9s. En su red Truth Social, Trump acus\u00f3 a Powell de [&hellip;]<\/p>\n","protected":false},"author":1,"featured_media":9074,"comment_status":"open","ping_status":"open","sticky":false,"template":"","format":"standard","meta":{"footnotes":""},"categories":[3],"tags":[],"class_list":["post-9073","post","type-post","status-publish","format-standard","has-post-thumbnail","hentry","category-economia"],"_links":{"self":[{"href":"http:\/\/www.elcapital.pe\/index.php?rest_route=\/wp\/v2\/posts\/9073","targetHints":{"allow":["GET"]}}],"collection":[{"href":"http:\/\/www.elcapital.pe\/index.php?rest_route=\/wp\/v2\/posts"}],"about":[{"href":"http:\/\/www.elcapital.pe\/index.php?rest_route=\/wp\/v2\/types\/post"}],"author":[{"embeddable":true,"href":"http:\/\/www.elcapital.pe\/index.php?rest_route=\/wp\/v2\/users\/1"}],"replies":[{"embeddable":true,"href":"http:\/\/www.elcapital.pe\/index.php?rest_route=%2Fwp%2Fv2%2Fcomments&post=9073"}],"version-history":[{"count":1,"href":"http:\/\/www.elcapital.pe\/index.php?rest_route=\/wp\/v2\/posts\/9073\/revisions"}],"predecessor-version":[{"id":9075,"href":"http:\/\/www.elcapital.pe\/index.php?rest_route=\/wp\/v2\/posts\/9073\/revisions\/9075"}],"wp:featuredmedia":[{"embeddable":true,"href":"http:\/\/www.elcapital.pe\/index.php?rest_route=\/wp\/v2\/media\/9074"}],"wp:attachment":[{"href":"http:\/\/www.elcapital.pe\/index.php?rest_route=%2Fwp%2Fv2%2Fmedia&parent=9073"}],"wp:term":[{"taxonomy":"category","embeddable":true,"href":"http:\/\/www.elcapital.pe\/index.php?rest_route=%2Fwp%2Fv2%2Fcategories&post=9073"},{"taxonomy":"post_tag","embeddable":true,"href":"http:\/\/www.elcapital.pe\/index.php?rest_route=%2Fwp%2Fv2%2Ftags&post=9073"}],"curies":[{"name":"wp","href":"https:\/\/api.w.org\/{rel}","templated":true}]}}