{"id":9068,"date":"2025-08-12T22:37:24","date_gmt":"2025-08-13T03:37:24","guid":{"rendered":"https:\/\/www.elcapital.pe\/?p=9068"},"modified":"2025-08-12T22:37:24","modified_gmt":"2025-08-13T03:37:24","slug":"miles-despiden-en-bogota-al-senador-miguel-uribe-turbay","status":"publish","type":"post","link":"http:\/\/www.elcapital.pe\/?p=9068","title":{"rendered":"MILES DESPIDEN EN BOGOTA AL SENADOR MIGUEL URIBE TURBAY"},"content":{"rendered":"\n<p>Las principales ciudades de Colombia rindieron este martes (12.08.2025) homenajes p\u00f3stumos al senador y precandidato presidencial Miguel Uribe Turbay, fallecido la v\u00edspera a los 39 a\u00f1os, dos meses despu\u00e9s de sufrir un atentado.<\/p>\n\n\n\n<p>El magnicidio del joven opositor sacude la campa\u00f1a hacia las presidenciales de 2026 y revive los fantasmas de la violencia pol\u00edtica que en el siglo XX trunc\u00f3 la vida de cinco candidatos a la Presidencia.<\/p>\n\n\n\n<p>Desde temprano, kilom\u00e9tricas filas rodearon el Congreso y se extendieron hasta la Plaza de Bol\u00edvar. Miles de personas esperaron para despedir al pol\u00edtico en el Sal\u00f3n El\u00edptico del Capitolio Nacional, donde su f\u00e9retro, cubierto con la bandera de Colombia y rodeado de flores, permanece en c\u00e1mara ardiente. All\u00ed, su padre, Miguel Uribe Londo\u00f1o, lo abraz\u00f3 entre l\u00e1grimas, mientras su esposa, Mar\u00eda Claudia Tarazona, lleg\u00f3 con su hijo menor y las dos hijas que el senador hab\u00eda acogido como propias.<\/p>\n\n\n\n<p>Durante una ceremonia militar, el presidente Gustavo Petro pidi\u00f3 un minuto de silencio y anunci\u00f3 que \u201cexpertos internacionales\u201d colaboran para esclarecer las causas del crimen.<\/p>\n\n\n\n<p>Hijo de la periodista Diana Turbay \u2014asesinada por el cartel de Medell\u00edn en 1991 cuando \u00e9l ten\u00eda apenas cuatro a\u00f1os\u2014, Uribe era una de las figuras m\u00e1s destacadas del partido opositor Centro Democr\u00e1tico y el principal favorito de la derecha para las elecciones.<\/p>\n\n\n\n<p>Homenajes en todo el pa\u00eds<\/p>\n\n\n\n<p>En Medell\u00edn, el alcalde Federico Guti\u00e9rrez y el gobernador de Antioquia, Andr\u00e9s Juli\u00e1n Rend\u00f3n, asistieron a una misa oficiada por el arzobispo Ricardo Tob\u00f3n, junto a cientos de personas con banderas, pancartas y mensajes de gratitud por sus ideas de \u201cdemocracia y libertad\u201d.<\/p>\n\n\n\n<p>En Cali, el alcalde Alejandro \u00c9der y la gobernadora del Valle del Cauca, Dilian Francisca Toro, encabezaron un acto con flores blancas en el centro de la ciudad. En Bucaramanga, el gobernador de Santander, Juvenal D\u00edaz, lo record\u00f3 como \u201cun hombre bueno, inteligente y comprometido con Colombia\u201d, y advirti\u00f3: \u201cNo podemos permitir que el pa\u00eds regrese a los tiempos en que la violencia pol\u00edtica impon\u00eda el miedo\u201d.<\/p>\n\n\n\n<p>En Cartagena de Indias, una misa en la Catedral de Santa Catalina de Alejandr\u00eda reuni\u00f3 a autoridades y ciudadanos. El alcalde Dumek Turbay afirm\u00f3: \u201cSu muerte ha conmocionado a un pa\u00eds entero. La barbarie con la que crecimos no puede ser el futuro para nuestros hijos\u201d.<\/p>\n\n\n\n<p>Investigaci\u00f3n en curso<\/p>\n\n\n\n<p>Las autoridades han detenido a seis personas vinculadas al atentado, incluido el presunto autor material, un adolescente de 15 a\u00f1os. La principal sospecha recae sobre la disidencia de las FARC conocida como Segunda Marquetalia.<\/p>\n\n\n\n<p>(Con informaci\u00f3n de AFP y EFE)<\/p>\n","protected":false},"excerpt":{"rendered":"<p>Las principales ciudades de Colombia rindieron este martes (12.08.2025) homenajes p\u00f3stumos al senador y precandidato presidencial Miguel Uribe Turbay, fallecido la v\u00edspera a los 39 a\u00f1os, dos meses despu\u00e9s de sufrir un atentado. El magnicidio del joven opositor sacude la campa\u00f1a hacia las presidenciales de 2026 y revive los fantasmas de la violencia pol\u00edtica que [&hellip;]<\/p>\n","protected":false},"author":1,"featured_media":9069,"comment_status":"open","ping_status":"open","sticky":false,"template":"","format":"standard","meta":{"footnotes":""},"categories":[2],"tags":[],"class_list":["post-9068","post","type-post","status-publish","format-standard","has-post-thumbnail","hentry","category-actualidad"],"_links":{"self":[{"href":"http:\/\/www.elcapital.pe\/index.php?rest_route=\/wp\/v2\/posts\/9068","targetHints":{"allow":["GET"]}}],"collection":[{"href":"http:\/\/www.elcapital.pe\/index.php?rest_route=\/wp\/v2\/posts"}],"about":[{"href":"http:\/\/www.elcapital.pe\/index.php?rest_route=\/wp\/v2\/types\/post"}],"author":[{"embeddable":true,"href":"http:\/\/www.elcapital.pe\/index.php?rest_route=\/wp\/v2\/users\/1"}],"replies":[{"embeddable":true,"href":"http:\/\/www.elcapital.pe\/index.php?rest_route=%2Fwp%2Fv2%2Fcomments&post=9068"}],"version-history":[{"count":1,"href":"http:\/\/www.elcapital.pe\/index.php?rest_route=\/wp\/v2\/posts\/9068\/revisions"}],"predecessor-version":[{"id":9070,"href":"http:\/\/www.elcapital.pe\/index.php?rest_route=\/wp\/v2\/posts\/9068\/revisions\/9070"}],"wp:featuredmedia":[{"embeddable":true,"href":"http:\/\/www.elcapital.pe\/index.php?rest_route=\/wp\/v2\/media\/9069"}],"wp:attachment":[{"href":"http:\/\/www.elcapital.pe\/index.php?rest_route=%2Fwp%2Fv2%2Fmedia&parent=9068"}],"wp:term":[{"taxonomy":"category","embeddable":true,"href":"http:\/\/www.elcapital.pe\/index.php?rest_route=%2Fwp%2Fv2%2Fcategories&post=9068"},{"taxonomy":"post_tag","embeddable":true,"href":"http:\/\/www.elcapital.pe\/index.php?rest_route=%2Fwp%2Fv2%2Ftags&post=9068"}],"curies":[{"name":"wp","href":"https:\/\/api.w.org\/{rel}","templated":true}]}}