{"id":9065,"date":"2025-08-12T22:25:06","date_gmt":"2025-08-13T03:25:06","guid":{"rendered":"https:\/\/www.elcapital.pe\/?p=9065"},"modified":"2025-08-12T22:25:06","modified_gmt":"2025-08-13T03:25:06","slug":"netanyahu-afirma-que-permitira-a-palestinos-salir-de-gaza","status":"publish","type":"post","link":"http:\/\/www.elcapital.pe\/?p=9065","title":{"rendered":"NETANYAHU AFIRMA QUE PERMITIRA A PALESTINOS SALIR DE GAZA\u00a0"},"content":{"rendered":"\n<p>\u00abNo los estamos expulsando, sino que les permitimos marcharse\u00bb, declar\u00f3 el primer ministro de Israel.<\/p>\n\n\n\n<p>El primer ministro israel\u00ed, Benjamin Netanyahu, asegur\u00f3 este martes (12.08.2025) que su gobierno autorizar\u00e1 la salida de palestinos de la Franja de Gaza, mientras el ej\u00e9rcito se prepara para una ofensiva m\u00e1s amplia en el enclave.<\/p>\n\n\n\n<p>Los anteriores llamamientos para reasentar a la poblaci\u00f3n gazat\u00ed fuera del territorio devastado por la guerra \u2014incluidos los del presidente estadounidense Donald Trump\u2014 han generado preocupaci\u00f3n entre los palestinos y rechazo internacional.<\/p>\n\n\n\n<p>En una inusual entrevista concedida al canal israel\u00ed I24 News, poco despu\u00e9s de que Egipto anunciara nuevos esfuerzos para lograr una tregua de 60 d\u00edas, Netanyahu defendi\u00f3 su pol\u00edtica: \u00abNo los estamos expulsando, sino que les permitimos marcharse. Hay que darles la posibilidad de salir de las zonas de combate y, si lo desean, abandonar el territorio\u00bb. El mandatario cit\u00f3 como referencia desplazamientos ocurridos en Siria, Ucrania y Afganist\u00e1n.<\/p>\n\n\n\n<p>Israel controla estrictamente las fronteras de Gaza desde hace a\u00f1os, impidiendo en la pr\u00e1ctica la salida de la mayor\u00eda de sus habitantes. Para los palestinos, cualquier intento de reubicaci\u00f3n evoca la Nakba, el desplazamiento masivo ocurrido en 1948 durante la creaci\u00f3n del Estado de Israel.<\/p>\n\n\n\n<p>Netanyahu respald\u00f3 a principios de a\u00f1o la propuesta de Trump de trasladar a m\u00e1s de dos millones de gazat\u00edes a Egipto y Jordania, mientras ministros israel\u00edes de extrema derecha abogan por una \u201csalida voluntaria\u201d.<\/p>\n\n\n\n<p>Negociaciones en El Cairo<\/p>\n\n\n\n<p>En paralelo, dos fuentes palestinas informaron que una delegaci\u00f3n de Ham\u00e1s, encabezada por su principal negociador, Jalil al Haya, llegar\u00e1 este mi\u00e9rcoles a El Cairo para reunirse con mediadores egipcios y analizar los \u00faltimos avances en las conversaciones de paz.<\/p>\n\n\n\n<p>Ham\u00e1s, catalogado como organizaci\u00f3n terrorista por la Uni\u00f3n Europea y varios pa\u00edses, inici\u00f3 el actual conflicto con el ataque del 7 de octubre de 2023, que dej\u00f3 1.219 muertos en Israel, en su mayor\u00eda civiles, seg\u00fan datos oficiales. Las represalias israel\u00edes han causado miles de muertes en Gaza, principalmente civiles, de acuerdo con cifras del Ministerio de Salud gazat\u00ed, consideradas fiables por la ONU.<\/p>\n\n\n\n<p>Los esfuerzos de mediaci\u00f3n liderados por Catar, Egipto y Estados Unidos no han producido avances sustanciales desde la breve tregua alcanzada a inicios de a\u00f1o, que se rompi\u00f3 dos meses despu\u00e9s.<\/p>\n\n\n\n<p>(Con informaci\u00f3n de AFP y Reuters)<\/p>\n","protected":false},"excerpt":{"rendered":"<p>\u00abNo los estamos expulsando, sino que les permitimos marcharse\u00bb, declar\u00f3 el primer ministro de Israel. El primer ministro israel\u00ed, Benjamin Netanyahu, asegur\u00f3 este martes (12.08.2025) que su gobierno autorizar\u00e1 la salida de palestinos de la Franja de Gaza, mientras el ej\u00e9rcito se prepara para una ofensiva m\u00e1s amplia en el enclave. Los anteriores llamamientos para [&hellip;]<\/p>\n","protected":false},"author":1,"featured_media":9066,"comment_status":"open","ping_status":"open","sticky":false,"template":"","format":"standard","meta":{"footnotes":""},"categories":[2],"tags":[],"class_list":["post-9065","post","type-post","status-publish","format-standard","has-post-thumbnail","hentry","category-actualidad"],"_links":{"self":[{"href":"http:\/\/www.elcapital.pe\/index.php?rest_route=\/wp\/v2\/posts\/9065","targetHints":{"allow":["GET"]}}],"collection":[{"href":"http:\/\/www.elcapital.pe\/index.php?rest_route=\/wp\/v2\/posts"}],"about":[{"href":"http:\/\/www.elcapital.pe\/index.php?rest_route=\/wp\/v2\/types\/post"}],"author":[{"embeddable":true,"href":"http:\/\/www.elcapital.pe\/index.php?rest_route=\/wp\/v2\/users\/1"}],"replies":[{"embeddable":true,"href":"http:\/\/www.elcapital.pe\/index.php?rest_route=%2Fwp%2Fv2%2Fcomments&post=9065"}],"version-history":[{"count":1,"href":"http:\/\/www.elcapital.pe\/index.php?rest_route=\/wp\/v2\/posts\/9065\/revisions"}],"predecessor-version":[{"id":9067,"href":"http:\/\/www.elcapital.pe\/index.php?rest_route=\/wp\/v2\/posts\/9065\/revisions\/9067"}],"wp:featuredmedia":[{"embeddable":true,"href":"http:\/\/www.elcapital.pe\/index.php?rest_route=\/wp\/v2\/media\/9066"}],"wp:attachment":[{"href":"http:\/\/www.elcapital.pe\/index.php?rest_route=%2Fwp%2Fv2%2Fmedia&parent=9065"}],"wp:term":[{"taxonomy":"category","embeddable":true,"href":"http:\/\/www.elcapital.pe\/index.php?rest_route=%2Fwp%2Fv2%2Fcategories&post=9065"},{"taxonomy":"post_tag","embeddable":true,"href":"http:\/\/www.elcapital.pe\/index.php?rest_route=%2Fwp%2Fv2%2Ftags&post=9065"}],"curies":[{"name":"wp","href":"https:\/\/api.w.org\/{rel}","templated":true}]}}