{"id":9017,"date":"2025-08-10T20:03:40","date_gmt":"2025-08-11T01:03:40","guid":{"rendered":"https:\/\/www.elcapital.pe\/?p=9017"},"modified":"2025-08-10T20:03:40","modified_gmt":"2025-08-11T01:03:40","slug":"peru-impulsa-innovacion-agricola-y-seguridad-alimentaria-en-apec","status":"publish","type":"post","link":"http:\/\/www.elcapital.pe\/?p=9017","title":{"rendered":"PERU IMPULSA INNOVACION AGRICOLA Y SEGURIDAD ALIMENTARIA EN APEC"},"content":{"rendered":"\n<p>Ministro de Desarrollo Agrario y Riego, Angel Manero particip\u00f3 en la 10\u00aa Reuni\u00f3n Ministerial en Corea del Sur<\/p>\n\n\n\n<p>En representaci\u00f3n de Per\u00fa, el ministro de Desarrollo Agrario y Riego, Angel Manero Campos, particip\u00f3 en la 10\u00aa Reuni\u00f3n Ministerial sobre Seguridad Alimentaria de APEC, en Corea del Sur, donde expuso las pol\u00edticas nacionales para fortalecer la innovaci\u00f3n en los sistemas agroalimentarios y plante\u00f3 retos para lograr una prosperidad compartida en la regi\u00f3n Asia-Pac\u00edfico.<\/p>\n\n\n\n<p>Durante su intervenci\u00f3n, Manero Campos destac\u00f3 que la diversificaci\u00f3n productiva ha sido una necesidad prioritaria para nuestra econom\u00eda, debido a la sobreproducci\u00f3n estacional que con frecuencia genera ca\u00eddas en los precios para los agricultores.<\/p>\n\n\n\n<p>\u201cEn el Per\u00fa la diversificaci\u00f3n productiva ha sido una necesidad y es una prioridad. Frecuentemente tenemos exceso de cosechas que motivan una ca\u00edda de precio para los productores\u201d, subray\u00f3 el titular del Ministerio de Desarrollo Agrario y Riego (Midagri).<\/p>\n\n\n\n<p>\u201cEs por ello que el desarrollo de nuevos productos y nuevas crianzas ha avanzado mucho en los \u00faltimos a\u00f1os y debo decir que nos ha funcionado\u201d, agreg\u00f3.<\/p>\n\n\n\n<p>Asimismo, se\u00f1al\u00f3 que actualmente, el Per\u00fa se ha consolidado como primer exportador mundial de ar\u00e1ndanos, uvas de mesa y esp\u00e1rragos, y segundo exportador mundial de paltas, productos que hace algunas d\u00e9cadas no se cultivaban en el pa\u00eds.<\/p>\n\n\n\n<p>Sin embargo, el ministro advirti\u00f3 que el pr\u00f3ximo gran reto es llevar la innovaci\u00f3n a la peque\u00f1a agricultura, incorporando valor agregado a la biomasa para usos industriales mediante biotecnolog\u00eda.<\/p>\n\n\n\n<p>\u201cLos biopl\u00e1sticos, los carbohidratos, las prote\u00ednas y las grasas para la alimentaci\u00f3n animal representan una gran oportunidad. Con el uso de la biotecnolog\u00eda podemos dar este valor agregado que permita mejorar los ingresos de los peque\u00f1os productores\u201d, se\u00f1al\u00f3 el titular del Midagri.<\/p>\n\n\n\n<p>Inteligencia artificial para la agricultura del futuro<\/p>\n\n\n\n<p>En otro momento de su exposici\u00f3n, Manero Campos remarc\u00f3 la importancia de invertir en edici\u00f3n g\u00e9nica y en el desarrollo de semillas del futuro con mayor productividad, resistencia al cambio clim\u00e1tico y menor consumo de agua.<\/p>\n\n\n\n<p>\u201cDebemos destinar mayores recursos y darle m\u00e1s prioridad a la edici\u00f3n g\u00e9nica. La inteligencia artificial debe ser potenciada porque mediante esta tecnolog\u00eda podemos desarrollar s\u00faper semillas con infinitas posibilidades para optimizar el uso del agua y aumentar la productividad en condiciones adversas\u201d, afirm\u00f3.<\/p>\n\n\n\n<p>Finalmente, el ministro Manero Campos subray\u00f3 que la cooperaci\u00f3n entre las econom\u00edas de APEC es esencial para acelerar la adopci\u00f3n de estas tecnolog\u00edas y promover sistemas agroalimentarios m\u00e1s sostenibles, resilientes e inclusivos.<\/p>\n","protected":false},"excerpt":{"rendered":"<p>Ministro de Desarrollo Agrario y Riego, Angel Manero particip\u00f3 en la 10\u00aa Reuni\u00f3n Ministerial en Corea del Sur En representaci\u00f3n de Per\u00fa, el ministro de Desarrollo Agrario y Riego, Angel Manero Campos, particip\u00f3 en la 10\u00aa Reuni\u00f3n Ministerial sobre Seguridad Alimentaria de APEC, en Corea del Sur, donde expuso las pol\u00edticas nacionales para fortalecer la [&hellip;]<\/p>\n","protected":false},"author":1,"featured_media":9018,"comment_status":"open","ping_status":"open","sticky":false,"template":"","format":"standard","meta":{"footnotes":""},"categories":[3],"tags":[],"class_list":["post-9017","post","type-post","status-publish","format-standard","has-post-thumbnail","hentry","category-economia"],"_links":{"self":[{"href":"http:\/\/www.elcapital.pe\/index.php?rest_route=\/wp\/v2\/posts\/9017","targetHints":{"allow":["GET"]}}],"collection":[{"href":"http:\/\/www.elcapital.pe\/index.php?rest_route=\/wp\/v2\/posts"}],"about":[{"href":"http:\/\/www.elcapital.pe\/index.php?rest_route=\/wp\/v2\/types\/post"}],"author":[{"embeddable":true,"href":"http:\/\/www.elcapital.pe\/index.php?rest_route=\/wp\/v2\/users\/1"}],"replies":[{"embeddable":true,"href":"http:\/\/www.elcapital.pe\/index.php?rest_route=%2Fwp%2Fv2%2Fcomments&post=9017"}],"version-history":[{"count":1,"href":"http:\/\/www.elcapital.pe\/index.php?rest_route=\/wp\/v2\/posts\/9017\/revisions"}],"predecessor-version":[{"id":9019,"href":"http:\/\/www.elcapital.pe\/index.php?rest_route=\/wp\/v2\/posts\/9017\/revisions\/9019"}],"wp:featuredmedia":[{"embeddable":true,"href":"http:\/\/www.elcapital.pe\/index.php?rest_route=\/wp\/v2\/media\/9018"}],"wp:attachment":[{"href":"http:\/\/www.elcapital.pe\/index.php?rest_route=%2Fwp%2Fv2%2Fmedia&parent=9017"}],"wp:term":[{"taxonomy":"category","embeddable":true,"href":"http:\/\/www.elcapital.pe\/index.php?rest_route=%2Fwp%2Fv2%2Fcategories&post=9017"},{"taxonomy":"post_tag","embeddable":true,"href":"http:\/\/www.elcapital.pe\/index.php?rest_route=%2Fwp%2Fv2%2Ftags&post=9017"}],"curies":[{"name":"wp","href":"https:\/\/api.w.org\/{rel}","templated":true}]}}