{"id":8989,"date":"2025-08-06T20:57:27","date_gmt":"2025-08-07T01:57:27","guid":{"rendered":"https:\/\/www.elcapital.pe\/?p=8989"},"modified":"2025-08-06T20:57:27","modified_gmt":"2025-08-07T01:57:27","slug":"moda-peruana-logra-envios-a-brasil-por-us-28-millones-en-periodo-enero-mayo-2025","status":"publish","type":"post","link":"http:\/\/www.elcapital.pe\/?p=8989","title":{"rendered":"MODA PERUANA LOGRA ENVIOS A BRASIL POR US$ 28 MILLONES EN PERIODO ENERO-MAYO 2025\u00a0"},"content":{"rendered":"\n<p>Promper\u00fa impulsa misi\u00f3n comercial Per\u00fa Moda Latam en Brasil, con participaci\u00f3n de 30 empresas exportadoras<\/p>\n\n\n\n<p>Brasil se consolid\u00f3 como el principal destino regional para las prendas de vestir peruanas, con una participaci\u00f3n del 36 % en las exportaciones sudamericanas y un crecimiento del 15.3 %, alcanzando env\u00edos por m\u00e1s de US$ 71 millones durante 2024.<\/p>\n\n\n\n<p>As\u00ed lo inform\u00f3 la Comisi\u00f3n de Promoci\u00f3n del Per\u00fa para la Exportaci\u00f3n y el Turismo (Promper\u00fa), al detallar que en el periodo enero-mayo de 2025, los env\u00edos del sector hacia Sudam\u00e9rica sumaron US$ 73 millones.<\/p>\n\n\n\n<p>Ese monto representa un incremento del 6.9 % respecto al mismo periodo del a\u00f1o anterior, \u201cimpulsado principalmente por el mercado brasile\u00f1o, donde las exportaciones crecieron un 24.1 %, totalizando US$ 28 millones, con alta demanda de t-shirts y camisetas de algod\u00f3n\u201d, agreg\u00f3 la entidad.<\/p>\n\n\n\n<p>En este contexto, y con el objetivo de fortalecer la presencia de la industria de vestimenta peruana en el mercado sudamericano, este mi\u00e9rcoles se inaugura en la ciudad brasile\u00f1a de Sao Paulo la misi\u00f3n comercial Per\u00fa Moda Latam 2025, organizada por Promper\u00fa.<\/p>\n\n\n\n<p>Reuniones de negocio<\/p>\n\n\n\n<p>El evento, que se desarrolla del 6 al 8 de agosto, re\u00fane a 30 empresas exportadoras peruanas que sostendr\u00e1n reuniones de negocios con compradores de Brasil, Argentina, Uruguay y Colombia.<\/p>\n\n\n\n<p>La oferta de este a\u00f1o resalta el uso de fibras Premium, como los algodones Pima y Tang\u00fcis, as\u00ed como la fibra de alpaca y sus mezclas, reconocidas por su resistencia, frescura y adaptabilidad a distintos climas.<\/p>\n\n\n\n<p>\u201cEsta propuesta se respalda en una industria integrada, con capacidad de respuesta, puntualidad en entregas y un compromiso con la trazabilidad y la producci\u00f3n responsable\u201d, resalt\u00f3 Promper\u00fa, en una nota de prensa.<\/p>\n\n\n\n<p>La misi\u00f3n en Sao Paulo se enmarca en la estrategia de internacionalizaci\u00f3n que Promper\u00fa impulsa en mercados estrat\u00e9gicos, con acciones comerciales en Nueva York, Santiago de Chile y Mil\u00e1n, as\u00ed como presencia en plataformas de alto nivel como Premi\u00e8re Vision (Par\u00eds) y Fashion World Tokyo.<\/p>\n\n\n\n<p>En su edici\u00f3n anterior en Sao Paulo, esta iniciativa gener\u00f3 m\u00e1s de US$ 16.3 millones en oportunidades de negocio, \u201cconsolidando al Per\u00fa como proveedor confiable para el mercado sudamericano\u201d.<\/p>\n","protected":false},"excerpt":{"rendered":"<p>Promper\u00fa impulsa misi\u00f3n comercial Per\u00fa Moda Latam en Brasil, con participaci\u00f3n de 30 empresas exportadoras Brasil se consolid\u00f3 como el principal destino regional para las prendas de vestir peruanas, con una participaci\u00f3n del 36 % en las exportaciones sudamericanas y un crecimiento del 15.3 %, alcanzando env\u00edos por m\u00e1s de US$ 71 millones durante 2024. [&hellip;]<\/p>\n","protected":false},"author":1,"featured_media":8990,"comment_status":"open","ping_status":"open","sticky":false,"template":"","format":"standard","meta":{"footnotes":""},"categories":[3],"tags":[],"class_list":["post-8989","post","type-post","status-publish","format-standard","has-post-thumbnail","hentry","category-economia"],"_links":{"self":[{"href":"http:\/\/www.elcapital.pe\/index.php?rest_route=\/wp\/v2\/posts\/8989","targetHints":{"allow":["GET"]}}],"collection":[{"href":"http:\/\/www.elcapital.pe\/index.php?rest_route=\/wp\/v2\/posts"}],"about":[{"href":"http:\/\/www.elcapital.pe\/index.php?rest_route=\/wp\/v2\/types\/post"}],"author":[{"embeddable":true,"href":"http:\/\/www.elcapital.pe\/index.php?rest_route=\/wp\/v2\/users\/1"}],"replies":[{"embeddable":true,"href":"http:\/\/www.elcapital.pe\/index.php?rest_route=%2Fwp%2Fv2%2Fcomments&post=8989"}],"version-history":[{"count":1,"href":"http:\/\/www.elcapital.pe\/index.php?rest_route=\/wp\/v2\/posts\/8989\/revisions"}],"predecessor-version":[{"id":8991,"href":"http:\/\/www.elcapital.pe\/index.php?rest_route=\/wp\/v2\/posts\/8989\/revisions\/8991"}],"wp:featuredmedia":[{"embeddable":true,"href":"http:\/\/www.elcapital.pe\/index.php?rest_route=\/wp\/v2\/media\/8990"}],"wp:attachment":[{"href":"http:\/\/www.elcapital.pe\/index.php?rest_route=%2Fwp%2Fv2%2Fmedia&parent=8989"}],"wp:term":[{"taxonomy":"category","embeddable":true,"href":"http:\/\/www.elcapital.pe\/index.php?rest_route=%2Fwp%2Fv2%2Fcategories&post=8989"},{"taxonomy":"post_tag","embeddable":true,"href":"http:\/\/www.elcapital.pe\/index.php?rest_route=%2Fwp%2Fv2%2Ftags&post=8989"}],"curies":[{"name":"wp","href":"https:\/\/api.w.org\/{rel}","templated":true}]}}