{"id":8972,"date":"2025-08-05T21:39:04","date_gmt":"2025-08-06T02:39:04","guid":{"rendered":"https:\/\/www.elcapital.pe\/?p=8972"},"modified":"2025-08-05T21:39:04","modified_gmt":"2025-08-06T02:39:04","slug":"ee-uu-descarta-pena-de-muerte-para-tres-capos-narcos-mexicanos","status":"publish","type":"post","link":"http:\/\/www.elcapital.pe\/?p=8972","title":{"rendered":"EE.UU. DESCARTA PENA DE MUERTE PARA TRES CAPOS NARCOS MEXICANOS"},"content":{"rendered":"\n<p>El Departamento de Justicia de Estados Unidos (DOJ) anunci\u00f3 este martes (05.08.2025) que no buscar\u00e1 la pena de muerte contra los conocidos narcotraficantes mexicanos Ismael \u201cel Mayo\u201d Zambada, Rafael Caro Quintero y Vicente Carrillo Fuentes.<\/p>\n\n\n\n<p>La decisi\u00f3n fue comunicada por el fiscal federal Joseph Nocella Jr. a trav\u00e9s de cartas enviadas a jueces del Distrito Este de Nueva York, en las que se informa que la fiscal general Pam Bondi ha instruido formalmente desistir de la condena capital.<\/p>\n\n\n\n<p>El anuncio marca un giro en los procesos judiciales, ya que en abril el DOJ a\u00fan consideraba aplicar la pena m\u00e1xima a Caro Quintero y Carrillo Fuentes, ambos extraditados desde M\u00e9xico en febrero por tr\u00e1fico de drogas. Caro Quintero tambi\u00e9n enfrenta cargos por el asesinato del agente de la DEA Enrique \u201cKiki\u201d Camarena.<\/p>\n\n\n\n<p>Medios mexicanos sugieren que el cambio podr\u00eda estar relacionado con una posible colaboraci\u00f3n de Zambada con las autoridades estadounidenses. Detenido en julio de 2024 junto a Joaqu\u00edn Guzm\u00e1n L\u00f3pez (hijo del \u201cChapo\u201d), el Mayo ha solicitado su repatriaci\u00f3n a M\u00e9xico, alegando enga\u00f1o en su traslado a EE.UU. y buscando evitar la pena capital, prohibida por el tratado de extradici\u00f3n.<\/p>\n\n\n\n<p>En junio, la Fiscal\u00eda a\u00fan evaluaba esa posibilidad, ya que Zambada enfrenta 17 cargos, incluidos homicidio, tr\u00e1fico de armas y drogas \u2014especialmente fentanilo\u2014, una sustancia responsable de decenas de miles de muertes por sobredosis en EE.UU.<\/p>\n\n\n\n<p>La captura del Mayo tambi\u00e9n habr\u00eda desatado una lucha interna en el c\u00e1rtel de Sinaloa con un saldo de cientos de muertos.<\/p>\n","protected":false},"excerpt":{"rendered":"<p>El Departamento de Justicia de Estados Unidos (DOJ) anunci\u00f3 este martes (05.08.2025) que no buscar\u00e1 la pena de muerte contra los conocidos narcotraficantes mexicanos Ismael \u201cel Mayo\u201d Zambada, Rafael Caro Quintero y Vicente Carrillo Fuentes. La decisi\u00f3n fue comunicada por el fiscal federal Joseph Nocella Jr. a trav\u00e9s de cartas enviadas a jueces del Distrito [&hellip;]<\/p>\n","protected":false},"author":1,"featured_media":8973,"comment_status":"open","ping_status":"open","sticky":false,"template":"","format":"standard","meta":{"footnotes":""},"categories":[2],"tags":[],"class_list":["post-8972","post","type-post","status-publish","format-standard","has-post-thumbnail","hentry","category-actualidad"],"_links":{"self":[{"href":"http:\/\/www.elcapital.pe\/index.php?rest_route=\/wp\/v2\/posts\/8972","targetHints":{"allow":["GET"]}}],"collection":[{"href":"http:\/\/www.elcapital.pe\/index.php?rest_route=\/wp\/v2\/posts"}],"about":[{"href":"http:\/\/www.elcapital.pe\/index.php?rest_route=\/wp\/v2\/types\/post"}],"author":[{"embeddable":true,"href":"http:\/\/www.elcapital.pe\/index.php?rest_route=\/wp\/v2\/users\/1"}],"replies":[{"embeddable":true,"href":"http:\/\/www.elcapital.pe\/index.php?rest_route=%2Fwp%2Fv2%2Fcomments&post=8972"}],"version-history":[{"count":1,"href":"http:\/\/www.elcapital.pe\/index.php?rest_route=\/wp\/v2\/posts\/8972\/revisions"}],"predecessor-version":[{"id":8974,"href":"http:\/\/www.elcapital.pe\/index.php?rest_route=\/wp\/v2\/posts\/8972\/revisions\/8974"}],"wp:featuredmedia":[{"embeddable":true,"href":"http:\/\/www.elcapital.pe\/index.php?rest_route=\/wp\/v2\/media\/8973"}],"wp:attachment":[{"href":"http:\/\/www.elcapital.pe\/index.php?rest_route=%2Fwp%2Fv2%2Fmedia&parent=8972"}],"wp:term":[{"taxonomy":"category","embeddable":true,"href":"http:\/\/www.elcapital.pe\/index.php?rest_route=%2Fwp%2Fv2%2Fcategories&post=8972"},{"taxonomy":"post_tag","embeddable":true,"href":"http:\/\/www.elcapital.pe\/index.php?rest_route=%2Fwp%2Fv2%2Ftags&post=8972"}],"curies":[{"name":"wp","href":"https:\/\/api.w.org\/{rel}","templated":true}]}}