{"id":8957,"date":"2025-08-05T20:32:14","date_gmt":"2025-08-06T01:32:14","guid":{"rendered":"https:\/\/www.elcapital.pe\/?p=8957"},"modified":"2025-08-05T20:32:14","modified_gmt":"2025-08-06T01:32:14","slug":"cade-2025-javier-milei-es-anunciado-como-invitado-en-foro-empresarial","status":"publish","type":"post","link":"http:\/\/www.elcapital.pe\/?p=8957","title":{"rendered":"CADE 2025: JAVIER MILEI ES ANUNCIADO COMO INVITADO EN FORO EMPRESARIAL\u00a0"},"content":{"rendered":"\n<p>Tambi\u00e9n incluir\u00e1 un bloque con la participaci\u00f3n de los candidatos a la Presidencia del Per\u00fa<\/p>\n\n\n\n<p>El mandatario de Argentina, Javier Milei, ser\u00e1 uno de los invitados a participar en la 63.\u00aa edici\u00f3n de CADE Ejecutivos que se realizar\u00e1 en Lima del 4 al 6 de noviembre, inform\u00f3 la presidenta del Comit\u00e9 Organizador del principal foro empresarial del pa\u00eds, Mar\u00eda Isabel Le\u00f3n.<\/p>\n\n\n\n<p>\u00abTenemos un invitado de lujo: el presidente de la Naci\u00f3n Argentina, Javier Milei, que hablar\u00e1 sobre los desaf\u00edos gubernamentales en el contexto global. Y queremos que comparta su visi\u00f3n sobre por qu\u00e9 fracasan los gobiernos en la regi\u00f3n latinoamericana\u00bb, inform\u00f3 la presidenta del Comit\u00e9 Organizador de CADE Ejecutivos 2025.<\/p>\n\n\n\n<p>La noticia fue anunciada durante la conferencia que brind\u00f3 IPAE Acci\u00f3n Empresarial para presentar la 63.\u00aa edici\u00f3n de CADE Ejecutivos,&nbsp; bajo el lema \u201cFirmes en la acci\u00f3n, \u00a1por la patria!\u201d.<\/p>\n\n\n\n<p>Mar\u00eda Isabel Le\u00f3n refiri\u00f3&nbsp; que Javier Milei compartir\u00e1 con los participantes su experiencia desde que asumi\u00f3 el cargo en el pa\u00eds y resalt\u00f3 que el gobernante argentino \u00abes un claro ejemplo de c\u00f3mo se puede revertir un pa\u00eds que est\u00e1 en crisis\u00bb.<\/p>\n\n\n\n<p>\u00abArgentina ha tenido \u00e9pocas anteriores muy dif\u00edciles, con un porcentaje de inflaci\u00f3n muy, muy alto, sin reservas internacionales, con un crecimiento muy bajo y lo que este presidente Milei ha hecho en su pa\u00eds en un a\u00f1o y medio ha sido importante. No solamente ha reducido la inflaci\u00f3n, ha introducido adem\u00e1s una reducci\u00f3n de burocracia\u00bb, expres\u00f3.<\/p>\n\n\n\n<p>El evento convocar\u00e1 a l\u00edderes del sector privado, autoridades, representantes de la academia y la sociedad civil para poner en agenda propuestas concretas que impulsen el crecimiento y fortalezcan el Estado.<\/p>\n\n\n\n<p>Momento decisivo<\/p>\n\n\n\n<p>\u201cEl Per\u00fa vive un momento decisivo que exige liderazgo con firmeza y responsabilidad. En IPAE Acci\u00f3n Empresarial estamos convencidos de que, solo recuperando la autoridad del Estado, fortaleciendo las instituciones y tomando decisiones valientes, podremos encaminar al pa\u00eds hacia el desarrollo. Este foro ser\u00e1 una plataforma para construir propuestas concretas y movilizar a los l\u00edderes que el Per\u00fa necesita. El futuro no se espera, se lidera\u201d, se\u00f1al\u00f3 Gonzalo Galdos, presidente de IPAE Acci\u00f3n Empresarial.<\/p>\n\n\n\n<p>Ejes tem\u00e1ticos<\/p>\n\n\n\n<p>La edici\u00f3n 2025 de CADE Ejecutivos abordar\u00e1 cinco ejes tem\u00e1ticos estructurales; Crecimiento de la econom\u00eda, Educaci\u00f3n, Justicia, Salud y Seguridad. Desde estos pilares, el foro plantear\u00e1 qu\u00e9 tipo de liderazgo pol\u00edtico, institucional y t\u00e9cnico se requiere para restablecer la autoridad del Estado frente al desgobierno, la informalidad y el crimen; establecer un rumbo claro, con instituciones s\u00f3lidas y reglas predecibles; y tomar decisiones firmes que reactiven la inversi\u00f3n, la generaci\u00f3n de empleo y el desarrollo con visi\u00f3n de largo plazo.<\/p>\n\n\n\n<p>Esta edici\u00f3n contar\u00e1 con la participaci\u00f3n de l\u00edderes nacionales e internacionales, entre ellos: Javier Milei (Argentina), presidente de Argentina*; Bernardo Larra\u00edn (Chile), presidente de Compa\u00f1\u00eda Manufacturera de Papeles y Cartones; Jos\u00e9 Luis Manzano (Argentina), presidente de Integra Holding; Isabel Noboa (Ecuador), presidenta Ejecutiva de Nobis Holding de Inversiones; Cayetana \u00c1lvarez de Toledo (Espa\u00f1a), Diputada del Congreso de los Diputados de Espa\u00f1a.<\/p>\n\n\n\n<p>Bloque electoral<\/p>\n\n\n\n<p>Como es tradici\u00f3n en un a\u00f1o preelectoral, CADE Ejecutivos 2025 incluir\u00e1 un bloque especial con la participaci\u00f3n de los candidatos a la Presidencia de la Rep\u00fablica del Per\u00fa.<\/p>\n\n\n\n<p>Se presentar\u00e1n sus propuestas en torno a los principales desaf\u00edos del pa\u00eds para los pr\u00f3ximos cinco a\u00f1os. Seg\u00fan los lineamientos que se comunicar\u00e1n en las pr\u00f3ximas semanas, ser\u00e1n invitados los seis candidatos con mayor intenci\u00f3n de voto, seg\u00fan encuestas nacionales urbanas y rurales disponibles hasta la fecha del corte oficial.<\/p>\n","protected":false},"excerpt":{"rendered":"<p>Tambi\u00e9n incluir\u00e1 un bloque con la participaci\u00f3n de los candidatos a la Presidencia del Per\u00fa El mandatario de Argentina, Javier Milei, ser\u00e1 uno de los invitados a participar en la 63.\u00aa edici\u00f3n de CADE Ejecutivos que se realizar\u00e1 en Lima del 4 al 6 de noviembre, inform\u00f3 la presidenta del Comit\u00e9 Organizador del principal foro [&hellip;]<\/p>\n","protected":false},"author":1,"featured_media":8958,"comment_status":"open","ping_status":"open","sticky":false,"template":"","format":"standard","meta":{"footnotes":""},"categories":[3],"tags":[],"class_list":["post-8957","post","type-post","status-publish","format-standard","has-post-thumbnail","hentry","category-economia"],"_links":{"self":[{"href":"http:\/\/www.elcapital.pe\/index.php?rest_route=\/wp\/v2\/posts\/8957","targetHints":{"allow":["GET"]}}],"collection":[{"href":"http:\/\/www.elcapital.pe\/index.php?rest_route=\/wp\/v2\/posts"}],"about":[{"href":"http:\/\/www.elcapital.pe\/index.php?rest_route=\/wp\/v2\/types\/post"}],"author":[{"embeddable":true,"href":"http:\/\/www.elcapital.pe\/index.php?rest_route=\/wp\/v2\/users\/1"}],"replies":[{"embeddable":true,"href":"http:\/\/www.elcapital.pe\/index.php?rest_route=%2Fwp%2Fv2%2Fcomments&post=8957"}],"version-history":[{"count":1,"href":"http:\/\/www.elcapital.pe\/index.php?rest_route=\/wp\/v2\/posts\/8957\/revisions"}],"predecessor-version":[{"id":8959,"href":"http:\/\/www.elcapital.pe\/index.php?rest_route=\/wp\/v2\/posts\/8957\/revisions\/8959"}],"wp:featuredmedia":[{"embeddable":true,"href":"http:\/\/www.elcapital.pe\/index.php?rest_route=\/wp\/v2\/media\/8958"}],"wp:attachment":[{"href":"http:\/\/www.elcapital.pe\/index.php?rest_route=%2Fwp%2Fv2%2Fmedia&parent=8957"}],"wp:term":[{"taxonomy":"category","embeddable":true,"href":"http:\/\/www.elcapital.pe\/index.php?rest_route=%2Fwp%2Fv2%2Fcategories&post=8957"},{"taxonomy":"post_tag","embeddable":true,"href":"http:\/\/www.elcapital.pe\/index.php?rest_route=%2Fwp%2Fv2%2Ftags&post=8957"}],"curies":[{"name":"wp","href":"https:\/\/api.w.org\/{rel}","templated":true}]}}