{"id":8933,"date":"2025-08-04T21:05:41","date_gmt":"2025-08-05T02:05:41","guid":{"rendered":"https:\/\/www.elcapital.pe\/?p=8933"},"modified":"2025-08-04T21:05:41","modified_gmt":"2025-08-05T02:05:41","slug":"corte-suprema-de-brasil-ordena-arresto-domiciliario-de-bolsonaro","status":"publish","type":"post","link":"http:\/\/www.elcapital.pe\/?p=8933","title":{"rendered":"CORTE SUPREMA DE BRASIL ORDENA ARRESTO DOMICILIARIO DE BOLSONARO\u00a0"},"content":{"rendered":"\n<p>El juez Alexandre de Moraes, del Supremo Tribunal Federal de Brasil, orden\u00f3 este lunes (04.08.2025) la prisi\u00f3n domiciliaria del expresidente Jair Bolsonaro por violar medidas cautelares impuestas en el marco del proceso que enfrenta por intento de golpe de Estado.<\/p>\n\n\n\n<p>La decisi\u00f3n se produjo luego de que aliados de Bolsonaro difundieran en redes sociales mensajes del exmandatario durante manifestaciones en su apoyo, desafiando la prohibici\u00f3n de comunicarse por redes sociales, directa o indirectamente. Seg\u00fan el magistrado, Bolsonaro instig\u00f3 ataques al Supremo y pidi\u00f3 intervenci\u00f3n extranjera en el Poder Judicial.<\/p>\n\n\n\n<p>Adem\u00e1s del arresto domiciliario, Bolsonaro tiene prohibido recibir visitas \u2014salvo de familiares y abogados\u2014 y deber\u00e1 entregar sus dispositivos electr\u00f3nicos. La Polic\u00eda Federal ya ejecut\u00f3 el registro de su residencia y el decomiso de celulares.<\/p>\n\n\n\n<p>El juez tambi\u00e9n record\u00f3 que el exmandatario deb\u00eda usar tobillera electr\u00f3nica y permanecer en casa por las noches y fines de semana. \u201cNo hay duda del incumplimiento de las medidas cautelares\u201d, subray\u00f3 De Moraes, quien advirti\u00f3 que se requieren \u201cacciones m\u00e1s dr\u00e1sticas\u201d para frenar la conducta reiterativa del acusado.<\/p>\n\n\n\n<p>El caso se enmarca en las investigaciones que acusan a Bolsonaro de conspirar para impedir la asunci\u00f3n de Luiz In\u00e1cio Lula da Silva en 2023. La Fiscal\u00eda lo vincula con planes para anular las elecciones, incluso con el uso de violencia, y con la instigaci\u00f3n al asalto a las sedes del Ejecutivo, Legislativo y Judicial el 8 de enero de ese a\u00f1o.<\/p>\n","protected":false},"excerpt":{"rendered":"<p>El juez Alexandre de Moraes, del Supremo Tribunal Federal de Brasil, orden\u00f3 este lunes (04.08.2025) la prisi\u00f3n domiciliaria del expresidente Jair Bolsonaro por violar medidas cautelares impuestas en el marco del proceso que enfrenta por intento de golpe de Estado. La decisi\u00f3n se produjo luego de que aliados de Bolsonaro difundieran en redes sociales mensajes [&hellip;]<\/p>\n","protected":false},"author":1,"featured_media":8934,"comment_status":"open","ping_status":"open","sticky":false,"template":"","format":"standard","meta":{"footnotes":""},"categories":[2],"tags":[],"class_list":["post-8933","post","type-post","status-publish","format-standard","has-post-thumbnail","hentry","category-actualidad"],"_links":{"self":[{"href":"http:\/\/www.elcapital.pe\/index.php?rest_route=\/wp\/v2\/posts\/8933","targetHints":{"allow":["GET"]}}],"collection":[{"href":"http:\/\/www.elcapital.pe\/index.php?rest_route=\/wp\/v2\/posts"}],"about":[{"href":"http:\/\/www.elcapital.pe\/index.php?rest_route=\/wp\/v2\/types\/post"}],"author":[{"embeddable":true,"href":"http:\/\/www.elcapital.pe\/index.php?rest_route=\/wp\/v2\/users\/1"}],"replies":[{"embeddable":true,"href":"http:\/\/www.elcapital.pe\/index.php?rest_route=%2Fwp%2Fv2%2Fcomments&post=8933"}],"version-history":[{"count":1,"href":"http:\/\/www.elcapital.pe\/index.php?rest_route=\/wp\/v2\/posts\/8933\/revisions"}],"predecessor-version":[{"id":8935,"href":"http:\/\/www.elcapital.pe\/index.php?rest_route=\/wp\/v2\/posts\/8933\/revisions\/8935"}],"wp:featuredmedia":[{"embeddable":true,"href":"http:\/\/www.elcapital.pe\/index.php?rest_route=\/wp\/v2\/media\/8934"}],"wp:attachment":[{"href":"http:\/\/www.elcapital.pe\/index.php?rest_route=%2Fwp%2Fv2%2Fmedia&parent=8933"}],"wp:term":[{"taxonomy":"category","embeddable":true,"href":"http:\/\/www.elcapital.pe\/index.php?rest_route=%2Fwp%2Fv2%2Fcategories&post=8933"},{"taxonomy":"post_tag","embeddable":true,"href":"http:\/\/www.elcapital.pe\/index.php?rest_route=%2Fwp%2Fv2%2Ftags&post=8933"}],"curies":[{"name":"wp","href":"https:\/\/api.w.org\/{rel}","templated":true}]}}