{"id":8914,"date":"2025-08-03T20:54:32","date_gmt":"2025-08-04T01:54:32","guid":{"rendered":"https:\/\/www.elcapital.pe\/?p=8914"},"modified":"2025-08-03T20:54:32","modified_gmt":"2025-08-04T01:54:32","slug":"iran-crea-consejo-de-defensa-tras-conflicto-armado-con-israel","status":"publish","type":"post","link":"http:\/\/www.elcapital.pe\/?p=8914","title":{"rendered":"IRAN CREA CONSEJO DE DEFENSA TRAS CONFLICTO ARMADO CON ISRAEL\u00a0"},"content":{"rendered":"\n<p>El gobierno iran\u00ed anunci\u00f3 este domingo (03.08.2025) la creaci\u00f3n de un Consejo de Defensa Nacional para fortalecer sus capacidades militares luego de la reciente guerra de 12 d\u00edas con Israel, inform\u00f3 la televisi\u00f3n estatal.<\/p>\n\n\n\n<p>Seg\u00fan el reporte, el nuevo organismo fue aprobado por el Consejo Supremo de Seguridad Nacional y estar\u00e1 encabezado por el presidente de la Rep\u00fablica Isl\u00e1mica. Lo integrar\u00e1n altos mandos de las Fuerzas Armadas, as\u00ed como representantes de ministerios clave vinculados al \u00e1mbito de defensa.<\/p>\n\n\n\n<p>\u201cEl Consejo de Defensa evaluar\u00e1 los planes militares y reforzar\u00e1 las capacidades de las Fuerzas Armadas de manera centralizada\u201d, detall\u00f3 el medio oficial.<\/p>\n\n\n\n<p>Guerra breve, saldo devastador<\/p>\n\n\n\n<p>El conflicto comenz\u00f3 el 13 de junio con un ataque sorpresa de Israel contra territorio iran\u00ed, que incluy\u00f3 bombardeos a instalaciones militares, centros nucleares y edificios oficiales. Entre las v\u00edctimas se contaron varios cient\u00edficos vinculados al programa nuclear iran\u00ed.<\/p>\n\n\n\n<p>Ir\u00e1n respondi\u00f3 con misiles y drones dirigidos hacia Israel y tambi\u00e9n atac\u00f3 la mayor base estadounidense en la regi\u00f3n, ubicada en Qatar. En represalia, el 22 de junio, Estados Unidos bombarde\u00f3 el sitio de enriquecimiento nuclear de Fordo y otras instalaciones estrat\u00e9gicas en Isfah\u00e1n y Natanz.<\/p>\n\n\n\n<p>Seg\u00fan cifras oficiales iran\u00edes, m\u00e1s de 1.000 personas murieron durante el conflicto. Israel report\u00f3 28 fallecidos.<\/p>\n","protected":false},"excerpt":{"rendered":"<p>El gobierno iran\u00ed anunci\u00f3 este domingo (03.08.2025) la creaci\u00f3n de un Consejo de Defensa Nacional para fortalecer sus capacidades militares luego de la reciente guerra de 12 d\u00edas con Israel, inform\u00f3 la televisi\u00f3n estatal. Seg\u00fan el reporte, el nuevo organismo fue aprobado por el Consejo Supremo de Seguridad Nacional y estar\u00e1 encabezado por el presidente [&hellip;]<\/p>\n","protected":false},"author":1,"featured_media":8915,"comment_status":"open","ping_status":"open","sticky":false,"template":"","format":"standard","meta":{"footnotes":""},"categories":[2],"tags":[],"class_list":["post-8914","post","type-post","status-publish","format-standard","has-post-thumbnail","hentry","category-actualidad"],"_links":{"self":[{"href":"http:\/\/www.elcapital.pe\/index.php?rest_route=\/wp\/v2\/posts\/8914","targetHints":{"allow":["GET"]}}],"collection":[{"href":"http:\/\/www.elcapital.pe\/index.php?rest_route=\/wp\/v2\/posts"}],"about":[{"href":"http:\/\/www.elcapital.pe\/index.php?rest_route=\/wp\/v2\/types\/post"}],"author":[{"embeddable":true,"href":"http:\/\/www.elcapital.pe\/index.php?rest_route=\/wp\/v2\/users\/1"}],"replies":[{"embeddable":true,"href":"http:\/\/www.elcapital.pe\/index.php?rest_route=%2Fwp%2Fv2%2Fcomments&post=8914"}],"version-history":[{"count":1,"href":"http:\/\/www.elcapital.pe\/index.php?rest_route=\/wp\/v2\/posts\/8914\/revisions"}],"predecessor-version":[{"id":8916,"href":"http:\/\/www.elcapital.pe\/index.php?rest_route=\/wp\/v2\/posts\/8914\/revisions\/8916"}],"wp:featuredmedia":[{"embeddable":true,"href":"http:\/\/www.elcapital.pe\/index.php?rest_route=\/wp\/v2\/media\/8915"}],"wp:attachment":[{"href":"http:\/\/www.elcapital.pe\/index.php?rest_route=%2Fwp%2Fv2%2Fmedia&parent=8914"}],"wp:term":[{"taxonomy":"category","embeddable":true,"href":"http:\/\/www.elcapital.pe\/index.php?rest_route=%2Fwp%2Fv2%2Fcategories&post=8914"},{"taxonomy":"post_tag","embeddable":true,"href":"http:\/\/www.elcapital.pe\/index.php?rest_route=%2Fwp%2Fv2%2Ftags&post=8914"}],"curies":[{"name":"wp","href":"https:\/\/api.w.org\/{rel}","templated":true}]}}