{"id":8912,"date":"2025-08-03T20:44:49","date_gmt":"2025-08-04T01:44:49","guid":{"rendered":"https:\/\/www.elcapital.pe\/?p=8912"},"modified":"2025-08-03T20:44:49","modified_gmt":"2025-08-04T01:44:49","slug":"bukele-rechaza-criticas-a-la-reeleccion-indefenida-y-acusa-doble-rasero-internacional","status":"publish","type":"post","link":"http:\/\/www.elcapital.pe\/?p=8912","title":{"rendered":"BUKELE RECHAZA CRITICAS A LA REELECCION INDEFENIDA Y ACUSA DOBLE RASERO INTERNACIONAL\u00a0"},"content":{"rendered":"\n<p>El presidente de El Salvador, Nayib Bukele, desestim\u00f3 este domingo (03.08.2025) las cr\u00edticas internacionales a la reciente aprobaci\u00f3n de la reelecci\u00f3n presidencial indefinida en su pa\u00eds, argumentando que se trata de un cuestionamiento sesgado por tratarse de una naci\u00f3n \u201cpeque\u00f1a y pobre\u201d.<\/p>\n\n\n\n<p>\u201cM\u00e1s del 90 % de los pa\u00edses desarrollados permiten la reelecci\u00f3n indefinida y nadie dice nada. Pero si El Salvador lo hace, de pronto es el fin de la democracia\u201d, afirm\u00f3 Bukele en la red social X. \u201cEl problema no es el sistema, sino que un pa\u00eds pobre se atreva a actuar como soberano. Se supone que debes hacer lo que te dicen, no lo que hacen ellos\u201d, sentenci\u00f3.<\/p>\n\n\n\n<p>El mandatario, de 44 a\u00f1os, asumi\u00f3 la presidencia en 2019 y fue reelegido en 2024 con el 85 % de los votos. Su partido, con mayor\u00eda absoluta en el Congreso, aprob\u00f3 el pasado jueves una reforma constitucional que permite la reelecci\u00f3n indefinida, ampl\u00eda el mandato presidencial de cinco a seis a\u00f1os y elimina la segunda vuelta electoral.<\/p>\n\n\n\n<p>Organismos como Amnist\u00eda Internacional, Human Rights Watch y la Oficina en Washington para Asuntos Latinoamericanos (WOLA) calificaron la reforma como \u201cuna grave amenaza a la democracia\u201d y una \u201cmanipulaci\u00f3n constitucional\u201d en beneficio de Bukele.<\/p>\n\n\n\n<p>\u201c\u00bfY si fu\u00e9semos una monarqu\u00eda?\u201d<\/p>\n\n\n\n<p>El presidente ironiz\u00f3 que, incluso si El Salvador adoptara un sistema como el de Reino Unido, Espa\u00f1a o Dinamarca, seguir\u00eda siendo criticado: \u201cSi nos llam\u00e1ramos monarqu\u00eda parlamentaria y us\u00e1ramos exactamente sus reglas, las cr\u00edticas continuar\u00edan igual\u201d, dijo.<\/p>\n\n\n\n<p>Bukele mantiene altos niveles de aprobaci\u00f3n popular, impulsados principalmente por su pol\u00edtica de mano dura contra las pandillas, que desde 2022 ha reducido dr\u00e1sticamente los \u00edndices de violencia en el pa\u00eds centroamericano.<\/p>\n","protected":false},"excerpt":{"rendered":"<p>El presidente de El Salvador, Nayib Bukele, desestim\u00f3 este domingo (03.08.2025) las cr\u00edticas internacionales a la reciente aprobaci\u00f3n de la reelecci\u00f3n presidencial indefinida en su pa\u00eds, argumentando que se trata de un cuestionamiento sesgado por tratarse de una naci\u00f3n \u201cpeque\u00f1a y pobre\u201d. \u201cM\u00e1s del 90 % de los pa\u00edses desarrollados permiten la reelecci\u00f3n indefinida y [&hellip;]<\/p>\n","protected":false},"author":1,"featured_media":8872,"comment_status":"open","ping_status":"open","sticky":false,"template":"","format":"standard","meta":{"footnotes":""},"categories":[2],"tags":[],"class_list":["post-8912","post","type-post","status-publish","format-standard","has-post-thumbnail","hentry","category-actualidad"],"_links":{"self":[{"href":"http:\/\/www.elcapital.pe\/index.php?rest_route=\/wp\/v2\/posts\/8912","targetHints":{"allow":["GET"]}}],"collection":[{"href":"http:\/\/www.elcapital.pe\/index.php?rest_route=\/wp\/v2\/posts"}],"about":[{"href":"http:\/\/www.elcapital.pe\/index.php?rest_route=\/wp\/v2\/types\/post"}],"author":[{"embeddable":true,"href":"http:\/\/www.elcapital.pe\/index.php?rest_route=\/wp\/v2\/users\/1"}],"replies":[{"embeddable":true,"href":"http:\/\/www.elcapital.pe\/index.php?rest_route=%2Fwp%2Fv2%2Fcomments&post=8912"}],"version-history":[{"count":1,"href":"http:\/\/www.elcapital.pe\/index.php?rest_route=\/wp\/v2\/posts\/8912\/revisions"}],"predecessor-version":[{"id":8913,"href":"http:\/\/www.elcapital.pe\/index.php?rest_route=\/wp\/v2\/posts\/8912\/revisions\/8913"}],"wp:featuredmedia":[{"embeddable":true,"href":"http:\/\/www.elcapital.pe\/index.php?rest_route=\/wp\/v2\/media\/8872"}],"wp:attachment":[{"href":"http:\/\/www.elcapital.pe\/index.php?rest_route=%2Fwp%2Fv2%2Fmedia&parent=8912"}],"wp:term":[{"taxonomy":"category","embeddable":true,"href":"http:\/\/www.elcapital.pe\/index.php?rest_route=%2Fwp%2Fv2%2Fcategories&post=8912"},{"taxonomy":"post_tag","embeddable":true,"href":"http:\/\/www.elcapital.pe\/index.php?rest_route=%2Fwp%2Fv2%2Ftags&post=8912"}],"curies":[{"name":"wp","href":"https:\/\/api.w.org\/{rel}","templated":true}]}}